{"id":2250,"date":"2022-04-19T14:23:34","date_gmt":"2022-04-19T14:23:34","guid":{"rendered":"https:\/\/www.adiccionesmurcia.com\/?p=2250"},"modified":"2023-10-20T11:18:06","modified_gmt":"2023-10-20T11:18:06","slug":"problemas-por-consumo-de-alcohol-a-corto-medio-y-largo-plazo","status":"publish","type":"post","link":"https:\/\/forummontau.com\/murcia\/problemas-por-consumo-de-alcohol-a-corto-medio-y-largo-plazo\/","title":{"rendered":"Problemas por consumo de alcohol a corto, medio y largo plazo"},"content":{"rendered":"\n<p>El consumo de&nbsp;<strong>bebidas alcoh\u00f3licas<\/strong>&nbsp;ocupa el tercer lugar entre los principales factores de riesgo de mala salud en el mundo.&nbsp;<\/p>\n\n\n\n<p>El uso nocivo del alcohol causa cada a\u00f1o alrederdor de&nbsp;<strong>3,3 millones de muertes. <\/strong>Y pese a las evidencias de que no existe un consumo seguro de alcohol, cada d\u00eda se extiende m\u00e1s su consumo en el mundo, afectando a personas de un amplio de diferentes razas, culturas, y perfiles sociodemogr\u00e1ficos. Esto se debe a que al alcohol se le asocian&nbsp;<strong>connotaciones positives<\/strong> y est\u00e1 socialmente aceptadpo estando presente en la mayor\u00eda de fiestas, celebracions y encuentros sociales.<\/p>\n\n\n\n<p>Sin embargo los estudios recuerdan que el alcohol no es una mercanc\u00eda ordinaria, sino un producto t\u00f3xico, que puede producir dependencia y que es uno de los&nbsp;<strong>principales factores de riesgo de mortalidad<\/strong>&nbsp;y morbilidad en la poblaci\u00f3n mundial, estando implicado en m\u00e1s de 100<strong>&nbsp;problemas de salud<\/strong>&nbsp;diferentes.\u00bb&nbsp; Entre ellos,&nbsp;la cirrosis hep\u00e1tica, algunos tipos de c\u00e1ncer, enfermedades cardiovasculares y traumatismos causados por violencia,&nbsp;<strong>suicidios<\/strong>&nbsp;y accidentes de tr\u00e1fico.<\/p>\n\n\n\n<p>M\u00e1s all\u00e1 de las enfermedades, en las que el consumo de alcohol puede ser un factor complementario ligado a otros factores presentes en el estilo de vida de quienes lo consumen regularmente, es importante resaltar que las consecuencias negativas no aparecen solo en las personas con un diagn\u00f3stico de dependencia alcoh\u00f3lica o&nbsp;<strong>trastorno por uso de alcohol<\/strong>&nbsp;o en los consumidores excesivos.&nbsp; Sus consecuencias tambi\u00e9n repercuten en&nbsp;<strong>otros grupos de consumidores<\/strong>&nbsp;que, a menudo, se relacionan con ellos y su entorno<\/p>\n\n\n\n<h1 class=\"wp-block-heading\"><strong>Problemas derivados del consumo<\/strong><\/h1>\n\n\n\n<p>A pesar de que los efectos var\u00edan ampliamente en funci\u00f3n de la persona y los factores que la rodean, existen tres problemas principales a corto, medio y largo plazo que se derivan directamente de su consumo excesivo:<\/p>\n\n\n\n<h2 class=\"wp-block-heading\"><strong>INTOXICACI\u00d3N ET\u00cdLICA<\/strong><\/h2>\n\n\n\n<p>El alcohol tiene efectos casi inmediatos, ya que se absorbe a mayor velocidad de lo que se procesa (metaboliza) y se elimina del cuerpo. Como resultado, los valores de alcohol en la sangre<strong><a href=\"https:\/\/www.diariodesevilla.es\/salud\/investigacion-tecnologia\/tiempo-alcohol-sangre-Tabla-bebidas_0_1614439174.html\">&nbsp;<\/a><\/strong>aumentan r\u00e1pidamente. Los<strong>&nbsp;efectos pueden aparecer al cabo de minutos<\/strong>&nbsp;de haber bebido.<\/p>\n\n\n\n<p>El m\u00e1s com\u00fan en este sentido es la<strong>&nbsp;intoxicaci\u00f3n et\u00edlica<\/strong>.&nbsp;Se conoce como intoxicaci\u00f3n et\u00edlica al aumento del contenido de&nbsp;<strong>etanol<\/strong>&nbsp;en sangre por encima de los niveles tolerados por el organismo. No conviene tomarlo como algo balad\u00ed, ya que puede tener<strong>&nbsp;distintos grados de gravedad<\/strong>, desde inhibici\u00f3n y euforia hasta depresi\u00f3n respiratoria y muerte.<\/p>\n\n\n\n<h2 class=\"wp-block-heading\"><strong>DEPENDENCIA <\/strong><\/h2>\n\n\n\n<p>Una de las consecuencias m\u00e1s graves del consumo excesivo de alcohol es el<strong>&nbsp;alcoholismo<\/strong>&nbsp;o dependencia alcoh\u00f3lica. Se trata de una enfermedad caracterizada por el<strong>&nbsp;consumo incontrolado<\/strong>&nbsp;de bebidas alcoh\u00f3licas a un nivel que interfiere con la salud f\u00edsica o mental de la persona y con sus responsabilidades familiares, laborales y sociales.<\/p>\n\n\n\n<h2 class=\"wp-block-heading\"><strong>ABSTINENCIA<\/strong><\/h2>\n\n\n\n<p>La causa principal del s\u00edndrome de abstinencia del alcohol es la<strong>&nbsp;interrupci\u00f3n repentina del consumo<\/strong>&nbsp;de alcohol. El alcohol afecta al sistema nervioso alterando ciertas sustancias qu\u00edmicas, llamadas neurotransmisores, que intervienen en la comunicaci\u00f3n cerebral.<\/p>\n\n\n\n<p>Despu\u00e9s de cierto tiempo de beber diariamente, el cuerpo se vuelve dependiente del alcohol y sus efectos. Si el consumo de alcohol se reduce significativamente, esos<strong>&nbsp;neurotransmisores<\/strong>&nbsp;dejan de alterarse, lo que puede causar una serie de<strong>&nbsp;s\u00edntomas.<\/strong>&nbsp;Este s\u00edndrome puede afectar a cualquier persona que consume sistem\u00e1ticamente grandes cantidades de alcohol.<\/p>\n","protected":false},"excerpt":{"rendered":"<p>El consumo de&nbsp;bebidas alcoh\u00f3licas&nbsp;ocupa el tercer lugar entre los principales factores de riesgo de mala salud en el mundo.&nbsp; El uso nocivo del alcohol causa cada a\u00f1o alrederdor de&nbsp;3,3 millones de muertes. Y pese a las evidencias de que no existe un consumo seguro de alcohol, cada d\u00eda se extiende m\u00e1s su consumo en el [&hellip;]<\/p>\n","protected":false},"author":2,"featured_media":2251,"comment_status":"closed","ping_status":"closed","sticky":false,"template":"","format":"standard","meta":{"ocean_post_layout":"","ocean_both_sidebars_style":"","ocean_both_sidebars_content_width":0,"ocean_both_sidebars_sidebars_width":0,"ocean_sidebar":"0","ocean_second_sidebar":"0","ocean_disable_margins":"enable","ocean_add_body_class":"","ocean_shortcode_before_top_bar":"","ocean_shortcode_after_top_bar":"","ocean_shortcode_before_header":"","ocean_shortcode_after_header":"","ocean_has_shortcode":"","ocean_shortcode_after_title":"","ocean_shortcode_before_footer_widgets":"","ocean_shortcode_after_footer_widgets":"","ocean_shortcode_before_footer_bottom":"","ocean_shortcode_after_footer_bottom":"","ocean_display_top_bar":"default","ocean_display_header":"default","ocean_header_style":"","ocean_center_header_left_menu":"0","ocean_custom_header_template":"0","ocean_custom_logo":0,"ocean_custom_retina_logo":0,"ocean_custom_logo_max_width":0,"ocean_custom_logo_tablet_max_width":0,"ocean_custom_logo_mobile_max_width":0,"ocean_custom_logo_max_height":0,"ocean_custom_logo_tablet_max_height":0,"ocean_custom_logo_mobile_max_height":0,"ocean_header_custom_menu":"0","ocean_menu_typo_font_family":"0","ocean_menu_typo_font_subset":"","ocean_menu_typo_font_size":0,"ocean_menu_typo_font_size_tablet":0,"ocean_menu_typo_font_size_mobile":0,"ocean_menu_typo_font_size_unit":"px","ocean_menu_typo_font_weight":"","ocean_menu_typo_font_weight_tablet":"","ocean_menu_typo_font_weight_mobile":"","ocean_menu_typo_transform":"","ocean_menu_typo_transform_tablet":"","ocean_menu_typo_transform_mobile":"","ocean_menu_typo_line_height":0,"ocean_menu_typo_line_height_tablet":0,"ocean_menu_typo_line_height_mobile":0,"ocean_menu_typo_line_height_unit":"","ocean_menu_typo_spacing":0,"ocean_menu_typo_spacing_tablet":0,"ocean_menu_typo_spacing_mobile":0,"ocean_menu_typo_spacing_unit":"","ocean_menu_link_color":"","ocean_menu_link_color_hover":"","ocean_menu_link_color_active":"","ocean_menu_link_background":"","ocean_menu_link_hover_background":"","ocean_menu_link_active_background":"","ocean_menu_social_links_bg":"","ocean_menu_social_hover_links_bg":"","ocean_menu_social_links_color":"","ocean_menu_social_hover_links_color":"","ocean_disable_title":"on","ocean_disable_heading":"default","ocean_post_title":"","ocean_post_subheading":"","ocean_post_title_style":"","ocean_post_title_background_color":"","ocean_post_title_background":0,"ocean_post_title_bg_image_position":"","ocean_post_title_bg_image_attachment":"","ocean_post_title_bg_image_repeat":"","ocean_post_title_bg_image_size":"","ocean_post_title_height":0,"ocean_post_title_bg_overlay":0.5,"ocean_post_title_bg_overlay_color":"","ocean_disable_breadcrumbs":"default","ocean_breadcrumbs_color":"","ocean_breadcrumbs_separator_color":"","ocean_breadcrumbs_links_color":"","ocean_breadcrumbs_links_hover_color":"","ocean_display_footer_widgets":"default","ocean_display_footer_bottom":"default","ocean_custom_footer_template":"0","ocean_post_oembed":"","ocean_post_self_hosted_media":"","ocean_post_video_embed":"","ocean_link_format":"","ocean_link_format_target":"self","ocean_quote_format":"","ocean_quote_format_link":"post","ocean_gallery_link_images":"off","ocean_gallery_id":[],"footnotes":""},"categories":[6,30],"tags":[105],"class_list":["post-2250","post","type-post","status-publish","format-standard","has-post-thumbnail","hentry","category-adicciones","category-alcohol","tag-forum-murcia","entry","has-media"],"yoast_head":"<!-- This site is optimized with the Yoast SEO plugin v27.5 - https:\/\/yoast.com\/product\/yoast-seo-wordpress\/ -->\n<title>Problemas por consumo de alcohol a corto, medio y largo plazo - Forum Salud Mental Murcia<\/title>\n<meta name=\"description\" content=\"Los estudios recuerdan que el alcohol no es una mercanc\u00eda ordinaria, sino un producto t\u00f3xico, que puede producir dependencia y que es uno de los\u00a0principales factores de riesgo de mortalidad\u00a0y morbilidad en la poblaci\u00f3n mundial, estando implicado en m\u00e1s de 100\u00a0problemas de salud\u00a0diferentes\" \/>\n<meta name=\"robots\" content=\"index, follow, max-snippet:-1, max-image-preview:large, max-video-preview:-1\" \/>\n<link rel=\"canonical\" href=\"https:\/\/forummontau.com\/murcia\/problemas-por-consumo-de-alcohol-a-corto-medio-y-largo-plazo\/\" \/>\n<meta property=\"og:locale\" content=\"es_ES\" \/>\n<meta property=\"og:type\" content=\"article\" \/>\n<meta property=\"og:title\" content=\"Problemas por consumo de alcohol a corto, medio y largo plazo - Forum Salud Mental Murcia\" \/>\n<meta property=\"og:description\" content=\"Los estudios recuerdan que el alcohol no es una mercanc\u00eda ordinaria, sino un producto t\u00f3xico, que puede producir dependencia y que es uno de los\u00a0principales factores de riesgo de mortalidad\u00a0y morbilidad en la poblaci\u00f3n mundial, estando implicado en m\u00e1s de 100\u00a0problemas de salud\u00a0diferentes\" \/>\n<meta property=\"og:url\" content=\"https:\/\/forummontau.com\/murcia\/problemas-por-consumo-de-alcohol-a-corto-medio-y-largo-plazo\/\" \/>\n<meta property=\"og:site_name\" content=\"Forum Salud Mental Murcia\" \/>\n<meta property=\"article:published_time\" content=\"2022-04-19T14:23:34+00:00\" \/>\n<meta property=\"article:modified_time\" content=\"2023-10-20T11:18:06+00:00\" \/>\n<meta property=\"og:image\" content=\"https:\/\/forummontau.com\/murcia\/wp-content\/uploads\/sites\/12\/2022\/04\/consumo-alcohol-2.jpg\" \/>\n\t<meta property=\"og:image:width\" content=\"1119\" \/>\n\t<meta property=\"og:image:height\" content=\"630\" \/>\n\t<meta property=\"og:image:type\" content=\"image\/jpeg\" \/>\n<meta name=\"author\" content=\"Forum Salud Mental Madrid\" \/>\n<meta name=\"twitter:card\" content=\"summary_large_image\" \/>\n<meta name=\"twitter:label1\" content=\"Escrito por\" \/>\n\t<meta name=\"twitter:data1\" content=\"Forum Salud Mental Madrid\" \/>\n\t<meta name=\"twitter:label2\" content=\"Tiempo de lectura\" \/>\n\t<meta name=\"twitter:data2\" content=\"3 minutos\" \/>\n<script type=\"application\/ld+json\" class=\"yoast-schema-graph\">{\"@context\":\"https:\\\/\\\/schema.org\",\"@graph\":[{\"@type\":\"Article\",\"@id\":\"https:\\\/\\\/forummontau.com\\\/murcia\\\/problemas-por-consumo-de-alcohol-a-corto-medio-y-largo-plazo\\\/#article\",\"isPartOf\":{\"@id\":\"https:\\\/\\\/forummontau.com\\\/murcia\\\/problemas-por-consumo-de-alcohol-a-corto-medio-y-largo-plazo\\\/\"},\"author\":{\"name\":\"Forum Salud Mental Madrid\",\"@id\":\"https:\\\/\\\/forummontau.com\\\/murcia\\\/#\\\/schema\\\/person\\\/dd79fa1c0ba733edd439998f9d7f5e25\"},\"headline\":\"Problemas por consumo de alcohol a corto, medio y largo plazo\",\"datePublished\":\"2022-04-19T14:23:34+00:00\",\"dateModified\":\"2023-10-20T11:18:06+00:00\",\"mainEntityOfPage\":{\"@id\":\"https:\\\/\\\/forummontau.com\\\/murcia\\\/problemas-por-consumo-de-alcohol-a-corto-medio-y-largo-plazo\\\/\"},\"wordCount\":622,\"publisher\":{\"@id\":\"https:\\\/\\\/forummontau.com\\\/murcia\\\/#organization\"},\"image\":{\"@id\":\"https:\\\/\\\/forummontau.com\\\/murcia\\\/problemas-por-consumo-de-alcohol-a-corto-medio-y-largo-plazo\\\/#primaryimage\"},\"thumbnailUrl\":\"https:\\\/\\\/forummontau.com\\\/murcia\\\/wp-content\\\/uploads\\\/sites\\\/12\\\/2022\\\/04\\\/consumo-alcohol-2.jpg\",\"keywords\":[\"Forum Murcia\"],\"articleSection\":[\"Adicciones\",\"alcohol\"],\"inLanguage\":\"es\"},{\"@type\":\"WebPage\",\"@id\":\"https:\\\/\\\/forummontau.com\\\/murcia\\\/problemas-por-consumo-de-alcohol-a-corto-medio-y-largo-plazo\\\/\",\"url\":\"https:\\\/\\\/forummontau.com\\\/murcia\\\/problemas-por-consumo-de-alcohol-a-corto-medio-y-largo-plazo\\\/\",\"name\":\"Problemas por consumo de alcohol a corto, medio y largo plazo - Forum Salud Mental Murcia\",\"isPartOf\":{\"@id\":\"https:\\\/\\\/forummontau.com\\\/murcia\\\/#website\"},\"primaryImageOfPage\":{\"@id\":\"https:\\\/\\\/forummontau.com\\\/murcia\\\/problemas-por-consumo-de-alcohol-a-corto-medio-y-largo-plazo\\\/#primaryimage\"},\"image\":{\"@id\":\"https:\\\/\\\/forummontau.com\\\/murcia\\\/problemas-por-consumo-de-alcohol-a-corto-medio-y-largo-plazo\\\/#primaryimage\"},\"thumbnailUrl\":\"https:\\\/\\\/forummontau.com\\\/murcia\\\/wp-content\\\/uploads\\\/sites\\\/12\\\/2022\\\/04\\\/consumo-alcohol-2.jpg\",\"datePublished\":\"2022-04-19T14:23:34+00:00\",\"dateModified\":\"2023-10-20T11:18:06+00:00\",\"description\":\"Los estudios recuerdan que el alcohol no es una mercanc\u00eda ordinaria, sino un producto t\u00f3xico, que puede producir dependencia y que es uno de los\u00a0principales factores de riesgo de mortalidad\u00a0y morbilidad en la poblaci\u00f3n mundial, estando implicado en m\u00e1s de 100\u00a0problemas de salud\u00a0diferentes\",\"breadcrumb\":{\"@id\":\"https:\\\/\\\/forummontau.com\\\/murcia\\\/problemas-por-consumo-de-alcohol-a-corto-medio-y-largo-plazo\\\/#breadcrumb\"},\"inLanguage\":\"es\",\"potentialAction\":[{\"@type\":\"ReadAction\",\"target\":[\"https:\\\/\\\/forummontau.com\\\/murcia\\\/problemas-por-consumo-de-alcohol-a-corto-medio-y-largo-plazo\\\/\"]}]},{\"@type\":\"ImageObject\",\"inLanguage\":\"es\",\"@id\":\"https:\\\/\\\/forummontau.com\\\/murcia\\\/problemas-por-consumo-de-alcohol-a-corto-medio-y-largo-plazo\\\/#primaryimage\",\"url\":\"https:\\\/\\\/forummontau.com\\\/murcia\\\/wp-content\\\/uploads\\\/sites\\\/12\\\/2022\\\/04\\\/consumo-alcohol-2.jpg\",\"contentUrl\":\"https:\\\/\\\/forummontau.com\\\/murcia\\\/wp-content\\\/uploads\\\/sites\\\/12\\\/2022\\\/04\\\/consumo-alcohol-2.jpg\",\"width\":1119,\"height\":630},{\"@type\":\"BreadcrumbList\",\"@id\":\"https:\\\/\\\/forummontau.com\\\/murcia\\\/problemas-por-consumo-de-alcohol-a-corto-medio-y-largo-plazo\\\/#breadcrumb\",\"itemListElement\":[{\"@type\":\"ListItem\",\"position\":1,\"name\":\"Portada\",\"item\":\"https:\\\/\\\/forummontau.com\\\/murcia\\\/\"},{\"@type\":\"ListItem\",\"position\":2,\"name\":\"Problemas por consumo de alcohol a corto, medio y largo plazo\"}]},{\"@type\":\"WebSite\",\"@id\":\"https:\\\/\\\/forummontau.com\\\/murcia\\\/#website\",\"url\":\"https:\\\/\\\/forummontau.com\\\/murcia\\\/\",\"name\":\"Forum Salud Mental Murcia\",\"description\":\"Centro Desintoxicaci\u00f3n y Adicciones en Murcia\",\"publisher\":{\"@id\":\"https:\\\/\\\/forummontau.com\\\/murcia\\\/#organization\"},\"potentialAction\":[{\"@type\":\"SearchAction\",\"target\":{\"@type\":\"EntryPoint\",\"urlTemplate\":\"https:\\\/\\\/forummontau.com\\\/murcia\\\/?s={search_term_string}\"},\"query-input\":{\"@type\":\"PropertyValueSpecification\",\"valueRequired\":true,\"valueName\":\"search_term_string\"}}],\"inLanguage\":\"es\"},{\"@type\":\"Organization\",\"@id\":\"https:\\\/\\\/forummontau.com\\\/murcia\\\/#organization\",\"name\":\"Forum Salud Mental Murcia\",\"url\":\"https:\\\/\\\/forummontau.com\\\/murcia\\\/\",\"logo\":{\"@type\":\"ImageObject\",\"inLanguage\":\"es\",\"@id\":\"https:\\\/\\\/forummontau.com\\\/murcia\\\/#\\\/schema\\\/logo\\\/image\\\/\",\"url\":\"https:\\\/\\\/forummontau.com\\\/murcia\\\/wp-content\\\/uploads\\\/sites\\\/12\\\/2020\\\/02\\\/forum_murcia.png\",\"contentUrl\":\"https:\\\/\\\/forummontau.com\\\/murcia\\\/wp-content\\\/uploads\\\/sites\\\/12\\\/2020\\\/02\\\/forum_murcia.png\",\"width\":214,\"height\":119,\"caption\":\"Forum Salud Mental Murcia\"},\"image\":{\"@id\":\"https:\\\/\\\/forummontau.com\\\/murcia\\\/#\\\/schema\\\/logo\\\/image\\\/\"}},{\"@type\":\"Person\",\"@id\":\"https:\\\/\\\/forummontau.com\\\/murcia\\\/#\\\/schema\\\/person\\\/dd79fa1c0ba733edd439998f9d7f5e25\",\"name\":\"Forum Salud Mental Madrid\",\"image\":{\"@type\":\"ImageObject\",\"inLanguage\":\"es\",\"@id\":\"https:\\\/\\\/secure.gravatar.com\\\/avatar\\\/363495000985f108d724b036bf8fde103c31e3fb6464fc8997f0157fc03f27d8?s=96&d=mm&r=g\",\"url\":\"https:\\\/\\\/secure.gravatar.com\\\/avatar\\\/363495000985f108d724b036bf8fde103c31e3fb6464fc8997f0157fc03f27d8?s=96&d=mm&r=g\",\"contentUrl\":\"https:\\\/\\\/secure.gravatar.com\\\/avatar\\\/363495000985f108d724b036bf8fde103c31e3fb6464fc8997f0157fc03f27d8?s=96&d=mm&r=g\",\"caption\":\"Forum Salud Mental Madrid\"},\"url\":\"https:\\\/\\\/forummontau.com\\\/murcia\\\/author\\\/adiccionma\\\/\"}]}<\/script>\n<!-- \/ Yoast SEO plugin. -->","yoast_head_json":{"title":"Problemas por consumo de alcohol a corto, medio y largo plazo - Forum Salud Mental Murcia","description":"Los estudios recuerdan que el alcohol no es una mercanc\u00eda ordinaria, sino un producto t\u00f3xico, que puede producir dependencia y que es uno de los\u00a0principales factores de riesgo de mortalidad\u00a0y morbilidad en la poblaci\u00f3n mundial, estando implicado en m\u00e1s de 100\u00a0problemas de salud\u00a0diferentes","robots":{"index":"index","follow":"follow","max-snippet":"max-snippet:-1","max-image-preview":"max-image-preview:large","max-video-preview":"max-video-preview:-1"},"canonical":"https:\/\/forummontau.com\/murcia\/problemas-por-consumo-de-alcohol-a-corto-medio-y-largo-plazo\/","og_locale":"es_ES","og_type":"article","og_title":"Problemas por consumo de alcohol a corto, medio y largo plazo - Forum Salud Mental Murcia","og_description":"Los estudios recuerdan que el alcohol no es una mercanc\u00eda ordinaria, sino un producto t\u00f3xico, que puede producir dependencia y que es uno de los\u00a0principales factores de riesgo de mortalidad\u00a0y morbilidad en la poblaci\u00f3n mundial, estando implicado en m\u00e1s de 100\u00a0problemas de salud\u00a0diferentes","og_url":"https:\/\/forummontau.com\/murcia\/problemas-por-consumo-de-alcohol-a-corto-medio-y-largo-plazo\/","og_site_name":"Forum Salud Mental Murcia","article_published_time":"2022-04-19T14:23:34+00:00","article_modified_time":"2023-10-20T11:18:06+00:00","og_image":[{"width":1119,"height":630,"url":"https:\/\/forummontau.com\/murcia\/wp-content\/uploads\/sites\/12\/2022\/04\/consumo-alcohol-2.jpg","type":"image\/jpeg"}],"author":"Forum Salud Mental Madrid","twitter_card":"summary_large_image","twitter_misc":{"Escrito por":"Forum Salud Mental Madrid","Tiempo de lectura":"3 minutos"},"schema":{"@context":"https:\/\/schema.org","@graph":[{"@type":"Article","@id":"https:\/\/forummontau.com\/murcia\/problemas-por-consumo-de-alcohol-a-corto-medio-y-largo-plazo\/#article","isPartOf":{"@id":"https:\/\/forummontau.com\/murcia\/problemas-por-consumo-de-alcohol-a-corto-medio-y-largo-plazo\/"},"author":{"name":"Forum Salud Mental Madrid","@id":"https:\/\/forummontau.com\/murcia\/#\/schema\/person\/dd79fa1c0ba733edd439998f9d7f5e25"},"headline":"Problemas por consumo de alcohol a corto, medio y largo plazo","datePublished":"2022-04-19T14:23:34+00:00","dateModified":"2023-10-20T11:18:06+00:00","mainEntityOfPage":{"@id":"https:\/\/forummontau.com\/murcia\/problemas-por-consumo-de-alcohol-a-corto-medio-y-largo-plazo\/"},"wordCount":622,"publisher":{"@id":"https:\/\/forummontau.com\/murcia\/#organization"},"image":{"@id":"https:\/\/forummontau.com\/murcia\/problemas-por-consumo-de-alcohol-a-corto-medio-y-largo-plazo\/#primaryimage"},"thumbnailUrl":"https:\/\/forummontau.com\/murcia\/wp-content\/uploads\/sites\/12\/2022\/04\/consumo-alcohol-2.jpg","keywords":["Forum Murcia"],"articleSection":["Adicciones","alcohol"],"inLanguage":"es"},{"@type":"WebPage","@id":"https:\/\/forummontau.com\/murcia\/problemas-por-consumo-de-alcohol-a-corto-medio-y-largo-plazo\/","url":"https:\/\/forummontau.com\/murcia\/problemas-por-consumo-de-alcohol-a-corto-medio-y-largo-plazo\/","name":"Problemas por consumo de alcohol a corto, medio y largo plazo - Forum Salud Mental Murcia","isPartOf":{"@id":"https:\/\/forummontau.com\/murcia\/#website"},"primaryImageOfPage":{"@id":"https:\/\/forummontau.com\/murcia\/problemas-por-consumo-de-alcohol-a-corto-medio-y-largo-plazo\/#primaryimage"},"image":{"@id":"https:\/\/forummontau.com\/murcia\/problemas-por-consumo-de-alcohol-a-corto-medio-y-largo-plazo\/#primaryimage"},"thumbnailUrl":"https:\/\/forummontau.com\/murcia\/wp-content\/uploads\/sites\/12\/2022\/04\/consumo-alcohol-2.jpg","datePublished":"2022-04-19T14:23:34+00:00","dateModified":"2023-10-20T11:18:06+00:00","description":"Los estudios recuerdan que el alcohol no es una mercanc\u00eda ordinaria, sino un producto t\u00f3xico, que puede producir dependencia y que es uno de los\u00a0principales factores de riesgo de mortalidad\u00a0y morbilidad en la poblaci\u00f3n mundial, estando implicado en m\u00e1s de 100\u00a0problemas de salud\u00a0diferentes","breadcrumb":{"@id":"https:\/\/forummontau.com\/murcia\/problemas-por-consumo-de-alcohol-a-corto-medio-y-largo-plazo\/#breadcrumb"},"inLanguage":"es","potentialAction":[{"@type":"ReadAction","target":["https:\/\/forummontau.com\/murcia\/problemas-por-consumo-de-alcohol-a-corto-medio-y-largo-plazo\/"]}]},{"@type":"ImageObject","inLanguage":"es","@id":"https:\/\/forummontau.com\/murcia\/problemas-por-consumo-de-alcohol-a-corto-medio-y-largo-plazo\/#primaryimage","url":"https:\/\/forummontau.com\/murcia\/wp-content\/uploads\/sites\/12\/2022\/04\/consumo-alcohol-2.jpg","contentUrl":"https:\/\/forummontau.com\/murcia\/wp-content\/uploads\/sites\/12\/2022\/04\/consumo-alcohol-2.jpg","width":1119,"height":630},{"@type":"BreadcrumbList","@id":"https:\/\/forummontau.com\/murcia\/problemas-por-consumo-de-alcohol-a-corto-medio-y-largo-plazo\/#breadcrumb","itemListElement":[{"@type":"ListItem","position":1,"name":"Portada","item":"https:\/\/forummontau.com\/murcia\/"},{"@type":"ListItem","position":2,"name":"Problemas por consumo de alcohol a corto, medio y largo plazo"}]},{"@type":"WebSite","@id":"https:\/\/forummontau.com\/murcia\/#website","url":"https:\/\/forummontau.com\/murcia\/","name":"Forum Salud Mental Murcia","description":"Centro Desintoxicaci\u00f3n y Adicciones en Murcia","publisher":{"@id":"https:\/\/forummontau.com\/murcia\/#organization"},"potentialAction":[{"@type":"SearchAction","target":{"@type":"EntryPoint","urlTemplate":"https:\/\/forummontau.com\/murcia\/?s={search_term_string}"},"query-input":{"@type":"PropertyValueSpecification","valueRequired":true,"valueName":"search_term_string"}}],"inLanguage":"es"},{"@type":"Organization","@id":"https:\/\/forummontau.com\/murcia\/#organization","name":"Forum Salud Mental Murcia","url":"https:\/\/forummontau.com\/murcia\/","logo":{"@type":"ImageObject","inLanguage":"es","@id":"https:\/\/forummontau.com\/murcia\/#\/schema\/logo\/image\/","url":"https:\/\/forummontau.com\/murcia\/wp-content\/uploads\/sites\/12\/2020\/02\/forum_murcia.png","contentUrl":"https:\/\/forummontau.com\/murcia\/wp-content\/uploads\/sites\/12\/2020\/02\/forum_murcia.png","width":214,"height":119,"caption":"Forum Salud Mental Murcia"},"image":{"@id":"https:\/\/forummontau.com\/murcia\/#\/schema\/logo\/image\/"}},{"@type":"Person","@id":"https:\/\/forummontau.com\/murcia\/#\/schema\/person\/dd79fa1c0ba733edd439998f9d7f5e25","name":"Forum Salud Mental Madrid","image":{"@type":"ImageObject","inLanguage":"es","@id":"https:\/\/secure.gravatar.com\/avatar\/363495000985f108d724b036bf8fde103c31e3fb6464fc8997f0157fc03f27d8?s=96&d=mm&r=g","url":"https:\/\/secure.gravatar.com\/avatar\/363495000985f108d724b036bf8fde103c31e3fb6464fc8997f0157fc03f27d8?s=96&d=mm&r=g","contentUrl":"https:\/\/secure.gravatar.com\/avatar\/363495000985f108d724b036bf8fde103c31e3fb6464fc8997f0157fc03f27d8?s=96&d=mm&r=g","caption":"Forum Salud Mental Madrid"},"url":"https:\/\/forummontau.com\/murcia\/author\/adiccionma\/"}]}},"_links":{"self":[{"href":"https:\/\/forummontau.com\/murcia\/wp-json\/wp\/v2\/posts\/2250","targetHints":{"allow":["GET"]}}],"collection":[{"href":"https:\/\/forummontau.com\/murcia\/wp-json\/wp\/v2\/posts"}],"about":[{"href":"https:\/\/forummontau.com\/murcia\/wp-json\/wp\/v2\/types\/post"}],"author":[{"embeddable":true,"href":"https:\/\/forummontau.com\/murcia\/wp-json\/wp\/v2\/users\/2"}],"replies":[{"embeddable":true,"href":"https:\/\/forummontau.com\/murcia\/wp-json\/wp\/v2\/comments?post=2250"}],"version-history":[{"count":1,"href":"https:\/\/forummontau.com\/murcia\/wp-json\/wp\/v2\/posts\/2250\/revisions"}],"predecessor-version":[{"id":2869,"href":"https:\/\/forummontau.com\/murcia\/wp-json\/wp\/v2\/posts\/2250\/revisions\/2869"}],"wp:featuredmedia":[{"embeddable":true,"href":"https:\/\/forummontau.com\/murcia\/wp-json\/wp\/v2\/media\/2251"}],"wp:attachment":[{"href":"https:\/\/forummontau.com\/murcia\/wp-json\/wp\/v2\/media?parent=2250"}],"wp:term":[{"taxonomy":"category","embeddable":true,"href":"https:\/\/forummontau.com\/murcia\/wp-json\/wp\/v2\/categories?post=2250"},{"taxonomy":"post_tag","embeddable":true,"href":"https:\/\/forummontau.com\/murcia\/wp-json\/wp\/v2\/tags?post=2250"}],"curies":[{"name":"wp","href":"https:\/\/api.w.org\/{rel}","templated":true}]}}