{"id":2258,"date":"2022-05-03T09:19:47","date_gmt":"2022-05-03T09:19:47","guid":{"rendered":"https:\/\/www.adiccionesmurcia.com\/?p=2258"},"modified":"2023-10-20T11:18:06","modified_gmt":"2023-10-20T11:18:06","slug":"enganchads-a-los-tranquilizantes","status":"publish","type":"post","link":"https:\/\/forummontau.com\/murcia\/enganchads-a-los-tranquilizantes\/","title":{"rendered":"Enganchad@s a los tranquilizantes"},"content":{"rendered":"\n<p id=\"block-d43b23df-8fc7-4b11-8d36-7c690221cd83\">Los tratamientos con benzodiacepinas suelen estar indicados para 8 o 12 semanas, pero a menudo se cronifican. Es f\u00e1cil prescribirlos, pero mucho m\u00e1s complicado dejarlos. En una sanidad donde los m\u00e9dicos no tienen apenas tiempo para dedicar a sus pacientes, se dedican a tratar las patolog\u00edas, pero a veces se les olvida que no hay tratamientos de por vida.<\/p>\n\n\n\n<p id=\"block-6c1e5d88-f92d-47cc-a2d0-38a3b87b71dd\">Numerosos estudios han corroborado que los psicof\u00e1rmacos est\u00e1n relacionados con mayores niveles de demencia y reducci\u00f3n de la agilidad, que contribuyen a las ca\u00eddas y aumentan la mortalidad.<\/p>\n\n\n\n<p>Espa\u00f1a es el pa\u00eds con mayor consumo del mundo de benzodiacepinasJIFE<\/p>\n\n\n\n<p id=\"block-ac0be146-849f-4766-a4a8-a366deada256\">Seg\u00fan un informe de 2019 de la&nbsp;<a href=\"https:\/\/www.incb.org\/documents\/Publications\/AnnualReports\/AR2019\/Annual_Report\/Spanish_ebook_AR2019.pdf\" target=\"_blank\" rel=\"noreferrer noopener\">Junta Internacional de Fiscalizaci\u00f3n de Estupefacientes (JIFE)<\/a>, Espa\u00f1a es el pa\u00eds con mayor consumo del mundo de benzodiacepinas, medicamentos que a menudo se recetan para dormir mejor porque disminuyen la excitaci\u00f3n neuronal, tienen un efecto antiepil\u00e9ptico, ansiol\u00edtico, hipn\u00f3tico y relajante muscular.<\/p>\n\n\n\n<h2 class=\"wp-block-heading\" id=\"block-6ee4ab00-d3b9-4abf-be77-d6cd43957e9d\">Incremento del consumo de benzodiacepinas durante la pandemia<\/h2>\n\n\n\n<p id=\"block-2b8c5e71-8a20-46f5-a0e3-f05cdcf24e34\">Durante la pandemia el uso de benzodiacepinas se ha visto incrementado. No solo en el primer a\u00f1o, el que golpe\u00f3 m\u00e1s duramente y produjo restricciones m\u00e1s severas. Tambi\u00e9n en 2021. Hasta el \u00faltimo trimestre del a\u00f1o pasado, ha subido un consumo que ya estaba disparado.&nbsp;<a href=\"https:\/\/www.aemps.gob.es\/medicamentos-de-uso-humano\/observatorio-de-uso-de-medicamentos\/informes-ansioliticos-hipnoticos\/\" target=\"_blank\" rel=\"noreferrer noopener\">Los datos de la Agencia Espa\u00f1ola de Medicamentos y Productos Sanitarios (AEMPS)<\/a>&nbsp;muestran que en 2021 se alcanzaron las 93 dosis diarias de ansiol\u00edticos e hipn\u00f3ticos por 1.000 habitantes, un 6% m\u00e1s que en 2019.<\/p>\n\n\n\n<p id=\"block-dc97461d-c258-47d0-b07b-27ee8728f067\">Los principales consumidores son los mayores de 65 a\u00f1os: un 25% (m\u00e1s de 2,3 millones de personas) los hab\u00edan tomado en las dos semanas previas a contestar&nbsp;<a href=\"https:\/\/www.sanidad.gob.es\/estadEstudios\/estadisticas\/encuestaNacional\/encuestaNac2017\/SALUD_MENTAL.pdf\" target=\"_blank\" rel=\"noreferrer noopener\">la Encuesta Nacional de Salud de 2017<\/a>. Es el \u00faltimo dato disponible, pero las tendencias de la pandemia predicen que hoy ser\u00e1n m\u00e1s.<\/p>\n\n\n\n<p id=\"block-85fb7bf5-39ca-44dd-9972-a0ec0ff7d61a\">Y, entre los mayores, las principales consumidoras son las mujeres (34,1%, frente a 15,4%). Es algo bien documentado en la literatura cient\u00edfica.<\/p>\n\n\n\n<p id=\"block-52bad28c-a7e9-44e9-b7c7-6edd503d2fae\">Las alteraciones de los patrones del sue\u00f1o, los estados de soledad por p\u00e9rdida de la pareja y los fen\u00f3menos de ansiedad y tristeza convierten a los ancianos en un grupo propicio para el consumo de estos f\u00e1rmacos.<\/p>\n\n\n\n<p id=\"block-df1ea477-02fe-4fec-adb2-950e6a471fc5\">El abuso de psicof\u00e1rmacos es considerado un problema de salud p\u00fablica que se ha disparado en la pandemia, pero ven\u00eda creciendo desde hace d\u00e9cadas. El consumo de tranquilizantes en mayores era del 3,1% en 1993, creci\u00f3 hasta el 15,5% en 2003 y subi\u00f3 al 25% en 2017.<\/p>\n\n\n\n<h2 class=\"wp-block-heading\" id=\"block-2bf809a5-95aa-453b-8acf-ae4619c80196\">Pero, \u00bfc\u00f3mo hemos llegado hasta aqu\u00ed?<\/h2>\n\n\n\n<p id=\"block-87c212a4-951a-4abb-a51e-228c446117fe\">Existe una tendencia creciente a la medicalizaci\u00f3n en la vida cotidiana. Problemas de salud ordinarios y autolimitados que hasta hace poco pasaban desapercibidos son ahora considerados s\u00edntomas e incluso patolog\u00edas que deben ser tratados. Aunque tambi\u00e9n hay m\u00e1s factores implicados, que incluyen la saturaci\u00f3n del sistema de atenci\u00f3n primaria y la falta de profesionales en salud mental.<\/p>\n\n\n\n<p id=\"block-8a3e5c3b-480a-4962-89ab-227b6a60c375\">La buena noticia es que, de los psicof\u00e1rmacos, pese a que causan adicci\u00f3n, se sale.<\/p>\n\n\n\n<p id=\"block-7d2dbaa6-fde2-4fb2-ae46-7f9f88fb3c7f\">No dudes en contactarnos para m\u00e1s informaci\u00f3n.<\/p>\n","protected":false},"excerpt":{"rendered":"<p>Los tratamientos con benzodiacepinas suelen estar indicados para 8 o 12 semanas, pero a menudo se cronifican. Es f\u00e1cil prescribirlos, pero mucho m\u00e1s complicado dejarlos. En una sanidad donde los m\u00e9dicos no tienen apenas tiempo para dedicar a sus pacientes, se dedican a tratar las patolog\u00edas, pero a veces se les olvida que no hay [&hellip;]<\/p>\n","protected":false},"author":2,"featured_media":2259,"comment_status":"closed","ping_status":"closed","sticky":false,"template":"","format":"standard","meta":{"ocean_post_layout":"","ocean_both_sidebars_style":"","ocean_both_sidebars_content_width":0,"ocean_both_sidebars_sidebars_width":0,"ocean_sidebar":"0","ocean_second_sidebar":"0","ocean_disable_margins":"enable","ocean_add_body_class":"","ocean_shortcode_before_top_bar":"","ocean_shortcode_after_top_bar":"","ocean_shortcode_before_header":"","ocean_shortcode_after_header":"","ocean_has_shortcode":"","ocean_shortcode_after_title":"","ocean_shortcode_before_footer_widgets":"","ocean_shortcode_after_footer_widgets":"","ocean_shortcode_before_footer_bottom":"","ocean_shortcode_after_footer_bottom":"","ocean_display_top_bar":"default","ocean_display_header":"default","ocean_header_style":"","ocean_center_header_left_menu":"0","ocean_custom_header_template":"0","ocean_custom_logo":0,"ocean_custom_retina_logo":0,"ocean_custom_logo_max_width":0,"ocean_custom_logo_tablet_max_width":0,"ocean_custom_logo_mobile_max_width":0,"ocean_custom_logo_max_height":0,"ocean_custom_logo_tablet_max_height":0,"ocean_custom_logo_mobile_max_height":0,"ocean_header_custom_menu":"0","ocean_menu_typo_font_family":"0","ocean_menu_typo_font_subset":"","ocean_menu_typo_font_size":0,"ocean_menu_typo_font_size_tablet":0,"ocean_menu_typo_font_size_mobile":0,"ocean_menu_typo_font_size_unit":"px","ocean_menu_typo_font_weight":"","ocean_menu_typo_font_weight_tablet":"","ocean_menu_typo_font_weight_mobile":"","ocean_menu_typo_transform":"","ocean_menu_typo_transform_tablet":"","ocean_menu_typo_transform_mobile":"","ocean_menu_typo_line_height":0,"ocean_menu_typo_line_height_tablet":0,"ocean_menu_typo_line_height_mobile":0,"ocean_menu_typo_line_height_unit":"","ocean_menu_typo_spacing":0,"ocean_menu_typo_spacing_tablet":0,"ocean_menu_typo_spacing_mobile":0,"ocean_menu_typo_spacing_unit":"","ocean_menu_link_color":"","ocean_menu_link_color_hover":"","ocean_menu_link_color_active":"","ocean_menu_link_background":"","ocean_menu_link_hover_background":"","ocean_menu_link_active_background":"","ocean_menu_social_links_bg":"","ocean_menu_social_hover_links_bg":"","ocean_menu_social_links_color":"","ocean_menu_social_hover_links_color":"","ocean_disable_title":"on","ocean_disable_heading":"default","ocean_post_title":"","ocean_post_subheading":"","ocean_post_title_style":"","ocean_post_title_background_color":"","ocean_post_title_background":0,"ocean_post_title_bg_image_position":"","ocean_post_title_bg_image_attachment":"","ocean_post_title_bg_image_repeat":"","ocean_post_title_bg_image_size":"","ocean_post_title_height":0,"ocean_post_title_bg_overlay":0.5,"ocean_post_title_bg_overlay_color":"","ocean_disable_breadcrumbs":"default","ocean_breadcrumbs_color":"","ocean_breadcrumbs_separator_color":"","ocean_breadcrumbs_links_color":"","ocean_breadcrumbs_links_hover_color":"","ocean_display_footer_widgets":"default","ocean_display_footer_bottom":"default","ocean_custom_footer_template":"0","ocean_post_oembed":"","ocean_post_self_hosted_media":"","ocean_post_video_embed":"","ocean_link_format":"","ocean_link_format_target":"self","ocean_quote_format":"","ocean_quote_format_link":"post","ocean_gallery_link_images":"off","ocean_gallery_id":[],"footnotes":""},"categories":[6,57,52,74,77,84],"tags":[105],"class_list":["post-2258","post","type-post","status-publish","format-standard","has-post-thumbnail","hentry","category-adicciones","category-benzodiacepinas","category-dependencia","category-pastillas-para-dormir","category-psicofarmacos","category-tranquilizantes","tag-forum-murcia","entry","has-media"],"yoast_head":"<!-- This site is optimized with the Yoast SEO plugin v27.5 - https:\/\/yoast.com\/product\/yoast-seo-wordpress\/ -->\n<title>Enganchad@s a los tranquilizantes - Forum Salud Mental Murcia<\/title>\n<meta name=\"description\" content=\"Los principales consumidores de tranquilizantes son mayores de 65 a\u00f1os y principalmente mujeres.\" \/>\n<meta name=\"robots\" content=\"index, follow, max-snippet:-1, max-image-preview:large, max-video-preview:-1\" \/>\n<link rel=\"canonical\" href=\"https:\/\/forummontau.com\/murcia\/enganchads-a-los-tranquilizantes\/\" \/>\n<meta property=\"og:locale\" content=\"es_ES\" \/>\n<meta property=\"og:type\" content=\"article\" \/>\n<meta property=\"og:title\" content=\"Enganchad@s a los tranquilizantes - Forum Salud Mental Murcia\" \/>\n<meta property=\"og:description\" content=\"Los principales consumidores de tranquilizantes son mayores de 65 a\u00f1os y principalmente mujeres.\" \/>\n<meta property=\"og:url\" content=\"https:\/\/forummontau.com\/murcia\/enganchads-a-los-tranquilizantes\/\" \/>\n<meta property=\"og:site_name\" content=\"Forum Salud Mental Murcia\" \/>\n<meta property=\"article:published_time\" content=\"2022-05-03T09:19:47+00:00\" \/>\n<meta property=\"article:modified_time\" content=\"2023-10-20T11:18:06+00:00\" \/>\n<meta property=\"og:image\" content=\"https:\/\/forummontau.com\/murcia\/wp-content\/uploads\/sites\/12\/2022\/05\/pastillas-dormir-2.jpg\" \/>\n\t<meta property=\"og:image:width\" content=\"800\" \/>\n\t<meta property=\"og:image:height\" content=\"533\" \/>\n\t<meta property=\"og:image:type\" content=\"image\/jpeg\" \/>\n<meta name=\"author\" content=\"Forum Salud Mental Madrid\" \/>\n<meta name=\"twitter:card\" content=\"summary_large_image\" \/>\n<meta name=\"twitter:label1\" content=\"Escrito por\" \/>\n\t<meta name=\"twitter:data1\" content=\"Forum Salud Mental Madrid\" \/>\n\t<meta name=\"twitter:label2\" content=\"Tiempo de lectura\" \/>\n\t<meta name=\"twitter:data2\" content=\"3 minutos\" \/>\n<script type=\"application\/ld+json\" class=\"yoast-schema-graph\">{\"@context\":\"https:\\\/\\\/schema.org\",\"@graph\":[{\"@type\":\"Article\",\"@id\":\"https:\\\/\\\/forummontau.com\\\/murcia\\\/enganchads-a-los-tranquilizantes\\\/#article\",\"isPartOf\":{\"@id\":\"https:\\\/\\\/forummontau.com\\\/murcia\\\/enganchads-a-los-tranquilizantes\\\/\"},\"author\":{\"name\":\"Forum Salud Mental Madrid\",\"@id\":\"https:\\\/\\\/forummontau.com\\\/murcia\\\/#\\\/schema\\\/person\\\/dd79fa1c0ba733edd439998f9d7f5e25\"},\"headline\":\"Enganchad@s a los tranquilizantes\",\"datePublished\":\"2022-05-03T09:19:47+00:00\",\"dateModified\":\"2023-10-20T11:18:06+00:00\",\"mainEntityOfPage\":{\"@id\":\"https:\\\/\\\/forummontau.com\\\/murcia\\\/enganchads-a-los-tranquilizantes\\\/\"},\"wordCount\":516,\"publisher\":{\"@id\":\"https:\\\/\\\/forummontau.com\\\/murcia\\\/#organization\"},\"image\":{\"@id\":\"https:\\\/\\\/forummontau.com\\\/murcia\\\/enganchads-a-los-tranquilizantes\\\/#primaryimage\"},\"thumbnailUrl\":\"https:\\\/\\\/forummontau.com\\\/murcia\\\/wp-content\\\/uploads\\\/sites\\\/12\\\/2022\\\/05\\\/pastillas-dormir-2.jpg\",\"keywords\":[\"Forum Murcia\"],\"articleSection\":[\"Adicciones\",\"Benzodiacepinas\",\"Dependencia\",\"Pastillas para dormir\",\"Psicof\u00e1rmacos\",\"Tranquilizantes\"],\"inLanguage\":\"es\"},{\"@type\":\"WebPage\",\"@id\":\"https:\\\/\\\/forummontau.com\\\/murcia\\\/enganchads-a-los-tranquilizantes\\\/\",\"url\":\"https:\\\/\\\/forummontau.com\\\/murcia\\\/enganchads-a-los-tranquilizantes\\\/\",\"name\":\"Enganchad@s a los tranquilizantes - Forum Salud Mental Murcia\",\"isPartOf\":{\"@id\":\"https:\\\/\\\/forummontau.com\\\/murcia\\\/#website\"},\"primaryImageOfPage\":{\"@id\":\"https:\\\/\\\/forummontau.com\\\/murcia\\\/enganchads-a-los-tranquilizantes\\\/#primaryimage\"},\"image\":{\"@id\":\"https:\\\/\\\/forummontau.com\\\/murcia\\\/enganchads-a-los-tranquilizantes\\\/#primaryimage\"},\"thumbnailUrl\":\"https:\\\/\\\/forummontau.com\\\/murcia\\\/wp-content\\\/uploads\\\/sites\\\/12\\\/2022\\\/05\\\/pastillas-dormir-2.jpg\",\"datePublished\":\"2022-05-03T09:19:47+00:00\",\"dateModified\":\"2023-10-20T11:18:06+00:00\",\"description\":\"Los principales consumidores de tranquilizantes son mayores de 65 a\u00f1os y principalmente mujeres.\",\"breadcrumb\":{\"@id\":\"https:\\\/\\\/forummontau.com\\\/murcia\\\/enganchads-a-los-tranquilizantes\\\/#breadcrumb\"},\"inLanguage\":\"es\",\"potentialAction\":[{\"@type\":\"ReadAction\",\"target\":[\"https:\\\/\\\/forummontau.com\\\/murcia\\\/enganchads-a-los-tranquilizantes\\\/\"]}]},{\"@type\":\"ImageObject\",\"inLanguage\":\"es\",\"@id\":\"https:\\\/\\\/forummontau.com\\\/murcia\\\/enganchads-a-los-tranquilizantes\\\/#primaryimage\",\"url\":\"https:\\\/\\\/forummontau.com\\\/murcia\\\/wp-content\\\/uploads\\\/sites\\\/12\\\/2022\\\/05\\\/pastillas-dormir-2.jpg\",\"contentUrl\":\"https:\\\/\\\/forummontau.com\\\/murcia\\\/wp-content\\\/uploads\\\/sites\\\/12\\\/2022\\\/05\\\/pastillas-dormir-2.jpg\",\"width\":800,\"height\":533},{\"@type\":\"BreadcrumbList\",\"@id\":\"https:\\\/\\\/forummontau.com\\\/murcia\\\/enganchads-a-los-tranquilizantes\\\/#breadcrumb\",\"itemListElement\":[{\"@type\":\"ListItem\",\"position\":1,\"name\":\"Portada\",\"item\":\"https:\\\/\\\/forummontau.com\\\/murcia\\\/\"},{\"@type\":\"ListItem\",\"position\":2,\"name\":\"Enganchad@s a los tranquilizantes\"}]},{\"@type\":\"WebSite\",\"@id\":\"https:\\\/\\\/forummontau.com\\\/murcia\\\/#website\",\"url\":\"https:\\\/\\\/forummontau.com\\\/murcia\\\/\",\"name\":\"Forum Salud Mental Murcia\",\"description\":\"Centro Desintoxicaci\u00f3n y Adicciones en Murcia\",\"publisher\":{\"@id\":\"https:\\\/\\\/forummontau.com\\\/murcia\\\/#organization\"},\"potentialAction\":[{\"@type\":\"SearchAction\",\"target\":{\"@type\":\"EntryPoint\",\"urlTemplate\":\"https:\\\/\\\/forummontau.com\\\/murcia\\\/?s={search_term_string}\"},\"query-input\":{\"@type\":\"PropertyValueSpecification\",\"valueRequired\":true,\"valueName\":\"search_term_string\"}}],\"inLanguage\":\"es\"},{\"@type\":\"Organization\",\"@id\":\"https:\\\/\\\/forummontau.com\\\/murcia\\\/#organization\",\"name\":\"Forum Salud Mental Murcia\",\"url\":\"https:\\\/\\\/forummontau.com\\\/murcia\\\/\",\"logo\":{\"@type\":\"ImageObject\",\"inLanguage\":\"es\",\"@id\":\"https:\\\/\\\/forummontau.com\\\/murcia\\\/#\\\/schema\\\/logo\\\/image\\\/\",\"url\":\"https:\\\/\\\/forummontau.com\\\/murcia\\\/wp-content\\\/uploads\\\/sites\\\/12\\\/2020\\\/02\\\/forum_murcia.png\",\"contentUrl\":\"https:\\\/\\\/forummontau.com\\\/murcia\\\/wp-content\\\/uploads\\\/sites\\\/12\\\/2020\\\/02\\\/forum_murcia.png\",\"width\":214,\"height\":119,\"caption\":\"Forum Salud Mental Murcia\"},\"image\":{\"@id\":\"https:\\\/\\\/forummontau.com\\\/murcia\\\/#\\\/schema\\\/logo\\\/image\\\/\"}},{\"@type\":\"Person\",\"@id\":\"https:\\\/\\\/forummontau.com\\\/murcia\\\/#\\\/schema\\\/person\\\/dd79fa1c0ba733edd439998f9d7f5e25\",\"name\":\"Forum Salud Mental Madrid\",\"image\":{\"@type\":\"ImageObject\",\"inLanguage\":\"es\",\"@id\":\"https:\\\/\\\/secure.gravatar.com\\\/avatar\\\/363495000985f108d724b036bf8fde103c31e3fb6464fc8997f0157fc03f27d8?s=96&d=mm&r=g\",\"url\":\"https:\\\/\\\/secure.gravatar.com\\\/avatar\\\/363495000985f108d724b036bf8fde103c31e3fb6464fc8997f0157fc03f27d8?s=96&d=mm&r=g\",\"contentUrl\":\"https:\\\/\\\/secure.gravatar.com\\\/avatar\\\/363495000985f108d724b036bf8fde103c31e3fb6464fc8997f0157fc03f27d8?s=96&d=mm&r=g\",\"caption\":\"Forum Salud Mental Madrid\"},\"url\":\"https:\\\/\\\/forummontau.com\\\/murcia\\\/author\\\/adiccionma\\\/\"}]}<\/script>\n<!-- \/ Yoast SEO plugin. -->","yoast_head_json":{"title":"Enganchad@s a los tranquilizantes - Forum Salud Mental Murcia","description":"Los principales consumidores de tranquilizantes son mayores de 65 a\u00f1os y principalmente mujeres.","robots":{"index":"index","follow":"follow","max-snippet":"max-snippet:-1","max-image-preview":"max-image-preview:large","max-video-preview":"max-video-preview:-1"},"canonical":"https:\/\/forummontau.com\/murcia\/enganchads-a-los-tranquilizantes\/","og_locale":"es_ES","og_type":"article","og_title":"Enganchad@s a los tranquilizantes - Forum Salud Mental Murcia","og_description":"Los principales consumidores de tranquilizantes son mayores de 65 a\u00f1os y principalmente mujeres.","og_url":"https:\/\/forummontau.com\/murcia\/enganchads-a-los-tranquilizantes\/","og_site_name":"Forum Salud Mental Murcia","article_published_time":"2022-05-03T09:19:47+00:00","article_modified_time":"2023-10-20T11:18:06+00:00","og_image":[{"width":800,"height":533,"url":"https:\/\/forummontau.com\/murcia\/wp-content\/uploads\/sites\/12\/2022\/05\/pastillas-dormir-2.jpg","type":"image\/jpeg"}],"author":"Forum Salud Mental Madrid","twitter_card":"summary_large_image","twitter_misc":{"Escrito por":"Forum Salud Mental Madrid","Tiempo de lectura":"3 minutos"},"schema":{"@context":"https:\/\/schema.org","@graph":[{"@type":"Article","@id":"https:\/\/forummontau.com\/murcia\/enganchads-a-los-tranquilizantes\/#article","isPartOf":{"@id":"https:\/\/forummontau.com\/murcia\/enganchads-a-los-tranquilizantes\/"},"author":{"name":"Forum Salud Mental Madrid","@id":"https:\/\/forummontau.com\/murcia\/#\/schema\/person\/dd79fa1c0ba733edd439998f9d7f5e25"},"headline":"Enganchad@s a los tranquilizantes","datePublished":"2022-05-03T09:19:47+00:00","dateModified":"2023-10-20T11:18:06+00:00","mainEntityOfPage":{"@id":"https:\/\/forummontau.com\/murcia\/enganchads-a-los-tranquilizantes\/"},"wordCount":516,"publisher":{"@id":"https:\/\/forummontau.com\/murcia\/#organization"},"image":{"@id":"https:\/\/forummontau.com\/murcia\/enganchads-a-los-tranquilizantes\/#primaryimage"},"thumbnailUrl":"https:\/\/forummontau.com\/murcia\/wp-content\/uploads\/sites\/12\/2022\/05\/pastillas-dormir-2.jpg","keywords":["Forum Murcia"],"articleSection":["Adicciones","Benzodiacepinas","Dependencia","Pastillas para dormir","Psicof\u00e1rmacos","Tranquilizantes"],"inLanguage":"es"},{"@type":"WebPage","@id":"https:\/\/forummontau.com\/murcia\/enganchads-a-los-tranquilizantes\/","url":"https:\/\/forummontau.com\/murcia\/enganchads-a-los-tranquilizantes\/","name":"Enganchad@s a los tranquilizantes - Forum Salud Mental Murcia","isPartOf":{"@id":"https:\/\/forummontau.com\/murcia\/#website"},"primaryImageOfPage":{"@id":"https:\/\/forummontau.com\/murcia\/enganchads-a-los-tranquilizantes\/#primaryimage"},"image":{"@id":"https:\/\/forummontau.com\/murcia\/enganchads-a-los-tranquilizantes\/#primaryimage"},"thumbnailUrl":"https:\/\/forummontau.com\/murcia\/wp-content\/uploads\/sites\/12\/2022\/05\/pastillas-dormir-2.jpg","datePublished":"2022-05-03T09:19:47+00:00","dateModified":"2023-10-20T11:18:06+00:00","description":"Los principales consumidores de tranquilizantes son mayores de 65 a\u00f1os y principalmente mujeres.","breadcrumb":{"@id":"https:\/\/forummontau.com\/murcia\/enganchads-a-los-tranquilizantes\/#breadcrumb"},"inLanguage":"es","potentialAction":[{"@type":"ReadAction","target":["https:\/\/forummontau.com\/murcia\/enganchads-a-los-tranquilizantes\/"]}]},{"@type":"ImageObject","inLanguage":"es","@id":"https:\/\/forummontau.com\/murcia\/enganchads-a-los-tranquilizantes\/#primaryimage","url":"https:\/\/forummontau.com\/murcia\/wp-content\/uploads\/sites\/12\/2022\/05\/pastillas-dormir-2.jpg","contentUrl":"https:\/\/forummontau.com\/murcia\/wp-content\/uploads\/sites\/12\/2022\/05\/pastillas-dormir-2.jpg","width":800,"height":533},{"@type":"BreadcrumbList","@id":"https:\/\/forummontau.com\/murcia\/enganchads-a-los-tranquilizantes\/#breadcrumb","itemListElement":[{"@type":"ListItem","position":1,"name":"Portada","item":"https:\/\/forummontau.com\/murcia\/"},{"@type":"ListItem","position":2,"name":"Enganchad@s a los tranquilizantes"}]},{"@type":"WebSite","@id":"https:\/\/forummontau.com\/murcia\/#website","url":"https:\/\/forummontau.com\/murcia\/","name":"Forum Salud Mental Murcia","description":"Centro Desintoxicaci\u00f3n y Adicciones en Murcia","publisher":{"@id":"https:\/\/forummontau.com\/murcia\/#organization"},"potentialAction":[{"@type":"SearchAction","target":{"@type":"EntryPoint","urlTemplate":"https:\/\/forummontau.com\/murcia\/?s={search_term_string}"},"query-input":{"@type":"PropertyValueSpecification","valueRequired":true,"valueName":"search_term_string"}}],"inLanguage":"es"},{"@type":"Organization","@id":"https:\/\/forummontau.com\/murcia\/#organization","name":"Forum Salud Mental Murcia","url":"https:\/\/forummontau.com\/murcia\/","logo":{"@type":"ImageObject","inLanguage":"es","@id":"https:\/\/forummontau.com\/murcia\/#\/schema\/logo\/image\/","url":"https:\/\/forummontau.com\/murcia\/wp-content\/uploads\/sites\/12\/2020\/02\/forum_murcia.png","contentUrl":"https:\/\/forummontau.com\/murcia\/wp-content\/uploads\/sites\/12\/2020\/02\/forum_murcia.png","width":214,"height":119,"caption":"Forum Salud Mental Murcia"},"image":{"@id":"https:\/\/forummontau.com\/murcia\/#\/schema\/logo\/image\/"}},{"@type":"Person","@id":"https:\/\/forummontau.com\/murcia\/#\/schema\/person\/dd79fa1c0ba733edd439998f9d7f5e25","name":"Forum Salud Mental Madrid","image":{"@type":"ImageObject","inLanguage":"es","@id":"https:\/\/secure.gravatar.com\/avatar\/363495000985f108d724b036bf8fde103c31e3fb6464fc8997f0157fc03f27d8?s=96&d=mm&r=g","url":"https:\/\/secure.gravatar.com\/avatar\/363495000985f108d724b036bf8fde103c31e3fb6464fc8997f0157fc03f27d8?s=96&d=mm&r=g","contentUrl":"https:\/\/secure.gravatar.com\/avatar\/363495000985f108d724b036bf8fde103c31e3fb6464fc8997f0157fc03f27d8?s=96&d=mm&r=g","caption":"Forum Salud Mental Madrid"},"url":"https:\/\/forummontau.com\/murcia\/author\/adiccionma\/"}]}},"_links":{"self":[{"href":"https:\/\/forummontau.com\/murcia\/wp-json\/wp\/v2\/posts\/2258","targetHints":{"allow":["GET"]}}],"collection":[{"href":"https:\/\/forummontau.com\/murcia\/wp-json\/wp\/v2\/posts"}],"about":[{"href":"https:\/\/forummontau.com\/murcia\/wp-json\/wp\/v2\/types\/post"}],"author":[{"embeddable":true,"href":"https:\/\/forummontau.com\/murcia\/wp-json\/wp\/v2\/users\/2"}],"replies":[{"embeddable":true,"href":"https:\/\/forummontau.com\/murcia\/wp-json\/wp\/v2\/comments?post=2258"}],"version-history":[{"count":1,"href":"https:\/\/forummontau.com\/murcia\/wp-json\/wp\/v2\/posts\/2258\/revisions"}],"predecessor-version":[{"id":2868,"href":"https:\/\/forummontau.com\/murcia\/wp-json\/wp\/v2\/posts\/2258\/revisions\/2868"}],"wp:featuredmedia":[{"embeddable":true,"href":"https:\/\/forummontau.com\/murcia\/wp-json\/wp\/v2\/media\/2259"}],"wp:attachment":[{"href":"https:\/\/forummontau.com\/murcia\/wp-json\/wp\/v2\/media?parent=2258"}],"wp:term":[{"taxonomy":"category","embeddable":true,"href":"https:\/\/forummontau.com\/murcia\/wp-json\/wp\/v2\/categories?post=2258"},{"taxonomy":"post_tag","embeddable":true,"href":"https:\/\/forummontau.com\/murcia\/wp-json\/wp\/v2\/tags?post=2258"}],"curies":[{"name":"wp","href":"https:\/\/api.w.org\/{rel}","templated":true}]}}