{"id":3076,"date":"2023-12-28T12:40:05","date_gmt":"2023-12-28T12:40:05","guid":{"rendered":"https:\/\/www.adiccionesmurcia.com\/?p=3076"},"modified":"2023-12-28T12:40:09","modified_gmt":"2023-12-28T12:40:09","slug":"efectos-fisicos-y-psicologicos-del-consumo-de-cannabis","status":"publish","type":"post","link":"https:\/\/forummontau.com\/murcia\/efectos-fisicos-y-psicologicos-del-consumo-de-cannabis\/","title":{"rendered":"Efectos f\u00edsicos y psicol\u00f3gicos del consumo de cannabis"},"content":{"rendered":"\n<p>El cannabis sigue siendo la droga il\u00edcita m\u00e1s consumida en Europa. Aunque su uso es com\u00fan, hay importantes preocupaciones relacionadas con su impacto en la salud f\u00edsica y mental.<\/p>\n\n\n\n<p>La investigaci\u00f3n sobre el cannabis y sus efectos sigue en desarrollo, y los riesgos pueden variar seg\u00fan la persona, la cantidad y la frecuencia de uso, as\u00ed como la forma de consumo. Abordar el consumo de cannabis con una comprensi\u00f3n completa de sus riesgos es fundamental para la toma de decisiones informadas sobre su uso.<\/p>\n\n\n\n<p>Estos son algunos de sus efectos en la salud f\u00edsica:<\/p>\n\n\n\n<h2 class=\"wp-block-heading\">Riesgos f\u00edsicos del consumo de cannabis<\/h2>\n\n\n\n<h3 class=\"wp-block-heading\"><strong>Problemas respiratorios<\/strong>: <\/h3>\n\n\n\n<p>El consumo regular de cannabis, especialmente cuando se fuma, puede da\u00f1ar las v\u00edas respiratorias y los pulmones. Esto puede aumentar el riesgo de problemas respiratorios cr\u00f3nicos, como bronquitis y, en algunos casos, puede contribuir al desarrollo de enfermedades pulmonares.<\/p>\n\n\n\n<h3 class=\"wp-block-heading\"><strong>Riesgos cardiovasculares<\/strong>: <\/h3>\n\n\n\n<p>El uso de cannabis puede tener efectos inmediatos en el sistema cardiovascular, incluyendo un aumento en la frecuencia card\u00edaca y la presi\u00f3n arterial. Esto puede ser particularmente peligroso para personas con condiciones card\u00edacas preexistentes.<\/p>\n\n\n\n<h3 class=\"wp-block-heading\"><strong>Impacto en la salud mental<\/strong>: <\/h3>\n\n\n\n<p>Aunque no es un riesgo f\u00edsico directo, el efecto del cannabis en la salud mental puede tener manifestaciones f\u00edsicas. Por ejemplo, la ansiedad y la paranoia inducidas por el cannabis pueden tener s\u00edntomas f\u00edsicos como taquicardia y sudoraci\u00f3n.<\/p>\n\n\n\n<h3 class=\"wp-block-heading\"><strong>Riesgos durante el embarazo<\/strong>: <\/h3>\n\n\n\n<p>El consumo de cannabis durante el embarazo se ha asociado con riesgos para el feto, incluyendo un menor peso al nacer y posibles problemas de desarrollo.<\/p>\n\n\n\n<h3 class=\"wp-block-heading\"><strong>Potencial para lesiones accidentales<\/strong>:<\/h3>\n\n\n\n<p>El uso de cannabis puede afectar la coordinaci\u00f3n y el tiempo de reacci\u00f3n, aumentando el riesgo de accidentes y lesiones.<\/p>\n\n\n\n<h2 class=\"wp-block-heading\"><strong>Consecuencias psicol\u00f3gicas y de salud mental<\/strong><\/h2>\n\n\n\n<p>Los efectos psicol\u00f3gicos del cannabis son complejos. Mientras algunos experimentan relajaci\u00f3n y bienestar, otros pueden enfrentar ansiedad, paranoia y trastornos del estado de \u00e1nimo. Seg\u00fan el European Drug Report 2023, aproximadamente el 1.3% de los adultos en la Uni\u00f3n Europea son usuarios diarios o casi diarios de cannabis, grupo m\u00e1s propenso a experimentar problemas relacionados con esta droga.<\/p>\n\n\n\n<p>Adem\u00e1s, el cannabis es responsable de casi un tercio de todas las admisiones al tratamiento por drogas en Europa.<\/p>\n\n\n\n<p>Estos son los principales efectos a nivel psicol\u00f3gico del consumo de cannabis.<\/p>\n\n\n\n<h3 class=\"wp-block-heading\"><strong>Alteraciones en la percepci\u00f3n<\/strong>: <\/h3>\n\n\n\n<p>El cannabis puede alterar la percepci\u00f3n del tiempo, los sentidos y el espacio, lo que puede llevar a experiencias tanto positivas como negativas.<\/p>\n\n\n\n<h3 class=\"wp-block-heading\"><strong>Dificultades de concentraci\u00f3n y memoria<\/strong>: <\/h3>\n\n\n\n<p>El consumo de cannabis puede afectar la memoria a corto plazo y la capacidad de concentraci\u00f3n, lo que puede tener un impacto en el aprendizaje y el desempe\u00f1o en tareas que requieren atenci\u00f3n.<\/p>\n\n\n\n<h3 class=\"wp-block-heading\"><strong>Ansiedad y paranoia<\/strong>:<\/h3>\n\n\n\n<p>A pesar de que algunos usuarios encuentran alivio de la ansiedad con el cannabis, otros pueden experimentar un aumento de la ansiedad o paranoia, especialmente con dosis altas o con cepas de cannabis de alta potencia en THC.<\/p>\n\n\n\n<h3 class=\"wp-block-heading\"><strong>Depresi\u00f3n<\/strong>: <\/h3>\n\n\n\n<p>Existen evidencias que sugieren que el uso cr\u00f3nico de cannabis podr\u00eda estar asociado con un aumento del riesgo de desarrollar depresi\u00f3n en algunas personas.<\/p>\n\n\n\n<h3 class=\"wp-block-heading\"><strong>Riesgo de psicosis<\/strong>: <\/h3>\n\n\n\n<p>Existe una relaci\u00f3n entre el uso de cannabis, especialmente en altas dosis y cepas con alto contenido de THC, y un aumento del riesgo de psicosis, particularmente en personas con predisposici\u00f3n gen\u00e9tica.<\/p>\n\n\n\n<h3 class=\"wp-block-heading\"><strong>Trastorno por uso de cannabis<\/strong>: <\/h3>\n\n\n\n<p>El uso continuado y problem\u00e1tico de cannabis puede llevar a un trastorno por uso de cannabis, caracterizado por la incapacidad para reducir o controlar el consumo a pesar de las consecuencias negativas para la salud, la vida social y laboral.<\/p>\n\n\n\n<p>Es importante enfatizar que la reacci\u00f3n al cannabis puede ser muy diferente de una persona a otra, y lo que puede ser una experiencia relajante para uno, puede ser ansiosa o desconcertante para otro. La comprensi\u00f3n de los efectos psicol\u00f3gicos del cannabis es un \u00e1rea de investigaci\u00f3n activa y en constante evoluci\u00f3n.<\/p>\n\n\n\n<h2 class=\"wp-block-heading\"><strong>Prevalencia y tendencias del uso de cannabis<\/strong><\/h2>\n\n\n\n<p>La prevalencia del uso de cannabis en Europa es heterog\u00e9nea. Alrededor del 15.1% de la poblaci\u00f3n adulta joven (15 a 34 a\u00f1os) en la Uni\u00f3n Europea ha consumido cannabis en el \u00faltimo a\u00f1o, y se observan diferencias significativas en el uso entre hombres y mujeres. Las tendencias en el uso de cannabis a nivel nacional parecen mixtas, con algunos pa\u00edses reportando estimaciones m\u00e1s altas en encuestas recientes.<\/p>\n\n\n\n<p>El uso de cannabis presenta desaf\u00edos significativos para la salud p\u00fablica en Europa. Aunque hay evidencia de beneficios potenciales, los riesgos asociados, especialmente en t\u00e9rminos de salud mental y adicci\u00f3n, no deben ser ignorados. Es crucial un enfoque equilibrado para garantizar decisiones informadas y seguras sobre su uso.<\/p>\n\n\n\n<p><a href=\"https:\/\/chat.openai.com\/c\/www.emcdda.europa.eu\">Fuentes: European Drug Report 2023, EMCDDA<\/a><\/p>\n","protected":false},"excerpt":{"rendered":"<p>El cannabis sigue siendo la droga il\u00edcita m\u00e1s consumida en Europa. Aunque su uso es com\u00fan, hay importantes preocupaciones relacionadas con su impacto en la salud f\u00edsica y mental. La investigaci\u00f3n sobre el cannabis y sus efectos sigue en desarrollo, y los riesgos pueden variar seg\u00fan la persona, la cantidad y la frecuencia de uso, [&hellip;]<\/p>\n","protected":false},"author":2,"featured_media":3077,"comment_status":"closed","ping_status":"open","sticky":false,"template":"","format":"aside","meta":{"ocean_post_layout":"","ocean_both_sidebars_style":"","ocean_both_sidebars_content_width":0,"ocean_both_sidebars_sidebars_width":0,"ocean_sidebar":"","ocean_second_sidebar":"","ocean_disable_margins":"enable","ocean_add_body_class":"","ocean_shortcode_before_top_bar":"","ocean_shortcode_after_top_bar":"","ocean_shortcode_before_header":"","ocean_shortcode_after_header":"","ocean_has_shortcode":"","ocean_shortcode_after_title":"","ocean_shortcode_before_footer_widgets":"","ocean_shortcode_after_footer_widgets":"","ocean_shortcode_before_footer_bottom":"","ocean_shortcode_after_footer_bottom":"","ocean_display_top_bar":"default","ocean_display_header":"default","ocean_header_style":"","ocean_center_header_left_menu":"","ocean_custom_header_template":"","ocean_custom_logo":0,"ocean_custom_retina_logo":0,"ocean_custom_logo_max_width":0,"ocean_custom_logo_tablet_max_width":0,"ocean_custom_logo_mobile_max_width":0,"ocean_custom_logo_max_height":0,"ocean_custom_logo_tablet_max_height":0,"ocean_custom_logo_mobile_max_height":0,"ocean_header_custom_menu":"","ocean_menu_typo_font_family":"","ocean_menu_typo_font_subset":"","ocean_menu_typo_font_size":0,"ocean_menu_typo_font_size_tablet":0,"ocean_menu_typo_font_size_mobile":0,"ocean_menu_typo_font_size_unit":"px","ocean_menu_typo_font_weight":"","ocean_menu_typo_font_weight_tablet":"","ocean_menu_typo_font_weight_mobile":"","ocean_menu_typo_transform":"","ocean_menu_typo_transform_tablet":"","ocean_menu_typo_transform_mobile":"","ocean_menu_typo_line_height":0,"ocean_menu_typo_line_height_tablet":0,"ocean_menu_typo_line_height_mobile":0,"ocean_menu_typo_line_height_unit":"","ocean_menu_typo_spacing":0,"ocean_menu_typo_spacing_tablet":0,"ocean_menu_typo_spacing_mobile":0,"ocean_menu_typo_spacing_unit":"","ocean_menu_link_color":"","ocean_menu_link_color_hover":"","ocean_menu_link_color_active":"","ocean_menu_link_background":"","ocean_menu_link_hover_background":"","ocean_menu_link_active_background":"","ocean_menu_social_links_bg":"","ocean_menu_social_hover_links_bg":"","ocean_menu_social_links_color":"","ocean_menu_social_hover_links_color":"","ocean_disable_title":"default","ocean_disable_heading":"default","ocean_post_title":"","ocean_post_subheading":"","ocean_post_title_style":"","ocean_post_title_background_color":"","ocean_post_title_background":0,"ocean_post_title_bg_image_position":"","ocean_post_title_bg_image_attachment":"","ocean_post_title_bg_image_repeat":"","ocean_post_title_bg_image_size":"","ocean_post_title_height":0,"ocean_post_title_bg_overlay":0.5,"ocean_post_title_bg_overlay_color":"","ocean_disable_breadcrumbs":"default","ocean_breadcrumbs_color":"","ocean_breadcrumbs_separator_color":"","ocean_breadcrumbs_links_color":"","ocean_breadcrumbs_links_hover_color":"","ocean_display_footer_widgets":"default","ocean_display_footer_bottom":"default","ocean_custom_footer_template":"","ocean_post_oembed":"","ocean_post_self_hosted_media":"","ocean_post_video_embed":"","ocean_link_format":"","ocean_link_format_target":"self","ocean_quote_format":"","ocean_quote_format_link":"post","ocean_gallery_link_images":"on","ocean_gallery_id":[],"footnotes":""},"categories":[6,24],"tags":[105],"class_list":["post-3076","post","type-post","status-publish","format-aside","has-post-thumbnail","hentry","category-adicciones","category-cannabis","tag-forum-murcia","post_format-post-format-aside","entry","has-media"],"yoast_head":"<!-- This site is optimized with the Yoast SEO plugin v27.4 - https:\/\/yoast.com\/product\/yoast-seo-wordpress\/ -->\n<title>Efectos f\u00edsicos y psicol\u00f3gicos del consumo de cannabis - Forum Salud Mental Murcia<\/title>\n<meta name=\"description\" content=\"Efectos f\u00edsicos y psicol\u00f3gicos del cannabis, desde la relajaci\u00f3n hasta los riesgos de adicci\u00f3n y psicosis.\" \/>\n<meta name=\"robots\" content=\"index, follow, max-snippet:-1, max-image-preview:large, max-video-preview:-1\" \/>\n<link rel=\"canonical\" href=\"https:\/\/forummontau.com\/murcia\/efectos-fisicos-y-psicologicos-del-consumo-de-cannabis\/\" \/>\n<meta property=\"og:locale\" content=\"es_ES\" \/>\n<meta property=\"og:type\" content=\"article\" \/>\n<meta property=\"og:title\" content=\"Efectos f\u00edsicos y psicol\u00f3gicos del consumo de cannabis - Forum Salud Mental Murcia\" \/>\n<meta property=\"og:description\" content=\"Efectos f\u00edsicos y psicol\u00f3gicos del cannabis, desde la relajaci\u00f3n hasta los riesgos de adicci\u00f3n y psicosis.\" \/>\n<meta property=\"og:url\" content=\"https:\/\/forummontau.com\/murcia\/efectos-fisicos-y-psicologicos-del-consumo-de-cannabis\/\" \/>\n<meta property=\"og:site_name\" content=\"Forum Salud Mental Murcia\" \/>\n<meta property=\"article:published_time\" content=\"2023-12-28T12:40:05+00:00\" \/>\n<meta property=\"article:modified_time\" content=\"2023-12-28T12:40:09+00:00\" \/>\n<meta property=\"og:image\" content=\"https:\/\/forummontau.com\/murcia\/wp-content\/uploads\/sites\/12\/2023\/12\/cannabis.webp\" \/>\n\t<meta property=\"og:image:width\" content=\"999\" \/>\n\t<meta property=\"og:image:height\" content=\"667\" \/>\n\t<meta property=\"og:image:type\" content=\"image\/webp\" \/>\n<meta name=\"author\" content=\"Forum Salud Mental Madrid\" \/>\n<meta name=\"twitter:card\" content=\"summary_large_image\" \/>\n<meta name=\"twitter:label1\" content=\"Escrito por\" \/>\n\t<meta name=\"twitter:data1\" content=\"Forum Salud Mental Madrid\" \/>\n\t<meta name=\"twitter:label2\" content=\"Tiempo de lectura\" \/>\n\t<meta name=\"twitter:data2\" content=\"4 minutos\" \/>\n<script type=\"application\/ld+json\" class=\"yoast-schema-graph\">{\"@context\":\"https:\\\/\\\/schema.org\",\"@graph\":[{\"@type\":\"Article\",\"@id\":\"https:\\\/\\\/forummontau.com\\\/murcia\\\/efectos-fisicos-y-psicologicos-del-consumo-de-cannabis\\\/#article\",\"isPartOf\":{\"@id\":\"https:\\\/\\\/forummontau.com\\\/murcia\\\/efectos-fisicos-y-psicologicos-del-consumo-de-cannabis\\\/\"},\"author\":{\"name\":\"Forum Salud Mental Madrid\",\"@id\":\"https:\\\/\\\/forummontau.com\\\/murcia\\\/#\\\/schema\\\/person\\\/dd79fa1c0ba733edd439998f9d7f5e25\"},\"headline\":\"Efectos f\u00edsicos y psicol\u00f3gicos del consumo de cannabis\",\"datePublished\":\"2023-12-28T12:40:05+00:00\",\"dateModified\":\"2023-12-28T12:40:09+00:00\",\"mainEntityOfPage\":{\"@id\":\"https:\\\/\\\/forummontau.com\\\/murcia\\\/efectos-fisicos-y-psicologicos-del-consumo-de-cannabis\\\/\"},\"wordCount\":824,\"publisher\":{\"@id\":\"https:\\\/\\\/forummontau.com\\\/murcia\\\/#organization\"},\"image\":{\"@id\":\"https:\\\/\\\/forummontau.com\\\/murcia\\\/efectos-fisicos-y-psicologicos-del-consumo-de-cannabis\\\/#primaryimage\"},\"thumbnailUrl\":\"https:\\\/\\\/forummontau.com\\\/murcia\\\/wp-content\\\/uploads\\\/sites\\\/12\\\/2023\\\/12\\\/cannabis.webp\",\"keywords\":[\"Forum Murcia\"],\"articleSection\":[\"Adicciones\",\"Cannabis\"],\"inLanguage\":\"es\"},{\"@type\":\"WebPage\",\"@id\":\"https:\\\/\\\/forummontau.com\\\/murcia\\\/efectos-fisicos-y-psicologicos-del-consumo-de-cannabis\\\/\",\"url\":\"https:\\\/\\\/forummontau.com\\\/murcia\\\/efectos-fisicos-y-psicologicos-del-consumo-de-cannabis\\\/\",\"name\":\"Efectos f\u00edsicos y psicol\u00f3gicos del consumo de cannabis - Forum Salud Mental Murcia\",\"isPartOf\":{\"@id\":\"https:\\\/\\\/forummontau.com\\\/murcia\\\/#website\"},\"primaryImageOfPage\":{\"@id\":\"https:\\\/\\\/forummontau.com\\\/murcia\\\/efectos-fisicos-y-psicologicos-del-consumo-de-cannabis\\\/#primaryimage\"},\"image\":{\"@id\":\"https:\\\/\\\/forummontau.com\\\/murcia\\\/efectos-fisicos-y-psicologicos-del-consumo-de-cannabis\\\/#primaryimage\"},\"thumbnailUrl\":\"https:\\\/\\\/forummontau.com\\\/murcia\\\/wp-content\\\/uploads\\\/sites\\\/12\\\/2023\\\/12\\\/cannabis.webp\",\"datePublished\":\"2023-12-28T12:40:05+00:00\",\"dateModified\":\"2023-12-28T12:40:09+00:00\",\"description\":\"Efectos f\u00edsicos y psicol\u00f3gicos del cannabis, desde la relajaci\u00f3n hasta los riesgos de adicci\u00f3n y psicosis.\",\"breadcrumb\":{\"@id\":\"https:\\\/\\\/forummontau.com\\\/murcia\\\/efectos-fisicos-y-psicologicos-del-consumo-de-cannabis\\\/#breadcrumb\"},\"inLanguage\":\"es\",\"potentialAction\":[{\"@type\":\"ReadAction\",\"target\":[\"https:\\\/\\\/forummontau.com\\\/murcia\\\/efectos-fisicos-y-psicologicos-del-consumo-de-cannabis\\\/\"]}]},{\"@type\":\"ImageObject\",\"inLanguage\":\"es\",\"@id\":\"https:\\\/\\\/forummontau.com\\\/murcia\\\/efectos-fisicos-y-psicologicos-del-consumo-de-cannabis\\\/#primaryimage\",\"url\":\"https:\\\/\\\/forummontau.com\\\/murcia\\\/wp-content\\\/uploads\\\/sites\\\/12\\\/2023\\\/12\\\/cannabis.webp\",\"contentUrl\":\"https:\\\/\\\/forummontau.com\\\/murcia\\\/wp-content\\\/uploads\\\/sites\\\/12\\\/2023\\\/12\\\/cannabis.webp\",\"width\":999,\"height\":667},{\"@type\":\"BreadcrumbList\",\"@id\":\"https:\\\/\\\/forummontau.com\\\/murcia\\\/efectos-fisicos-y-psicologicos-del-consumo-de-cannabis\\\/#breadcrumb\",\"itemListElement\":[{\"@type\":\"ListItem\",\"position\":1,\"name\":\"Portada\",\"item\":\"https:\\\/\\\/forummontau.com\\\/murcia\\\/\"},{\"@type\":\"ListItem\",\"position\":2,\"name\":\"Efectos f\u00edsicos y psicol\u00f3gicos del consumo de cannabis\"}]},{\"@type\":\"WebSite\",\"@id\":\"https:\\\/\\\/forummontau.com\\\/murcia\\\/#website\",\"url\":\"https:\\\/\\\/forummontau.com\\\/murcia\\\/\",\"name\":\"Forum Salud Mental Murcia\",\"description\":\"Centro Desintoxicaci\u00f3n y Adicciones en Murcia\",\"publisher\":{\"@id\":\"https:\\\/\\\/forummontau.com\\\/murcia\\\/#organization\"},\"potentialAction\":[{\"@type\":\"SearchAction\",\"target\":{\"@type\":\"EntryPoint\",\"urlTemplate\":\"https:\\\/\\\/forummontau.com\\\/murcia\\\/?s={search_term_string}\"},\"query-input\":{\"@type\":\"PropertyValueSpecification\",\"valueRequired\":true,\"valueName\":\"search_term_string\"}}],\"inLanguage\":\"es\"},{\"@type\":\"Organization\",\"@id\":\"https:\\\/\\\/forummontau.com\\\/murcia\\\/#organization\",\"name\":\"Forum Salud Mental Murcia\",\"url\":\"https:\\\/\\\/forummontau.com\\\/murcia\\\/\",\"logo\":{\"@type\":\"ImageObject\",\"inLanguage\":\"es\",\"@id\":\"https:\\\/\\\/forummontau.com\\\/murcia\\\/#\\\/schema\\\/logo\\\/image\\\/\",\"url\":\"https:\\\/\\\/forummontau.com\\\/murcia\\\/wp-content\\\/uploads\\\/sites\\\/12\\\/2020\\\/02\\\/forum_murcia.png\",\"contentUrl\":\"https:\\\/\\\/forummontau.com\\\/murcia\\\/wp-content\\\/uploads\\\/sites\\\/12\\\/2020\\\/02\\\/forum_murcia.png\",\"width\":214,\"height\":119,\"caption\":\"Forum Salud Mental Murcia\"},\"image\":{\"@id\":\"https:\\\/\\\/forummontau.com\\\/murcia\\\/#\\\/schema\\\/logo\\\/image\\\/\"}},{\"@type\":\"Person\",\"@id\":\"https:\\\/\\\/forummontau.com\\\/murcia\\\/#\\\/schema\\\/person\\\/dd79fa1c0ba733edd439998f9d7f5e25\",\"name\":\"Forum Salud Mental Madrid\",\"image\":{\"@type\":\"ImageObject\",\"inLanguage\":\"es\",\"@id\":\"https:\\\/\\\/secure.gravatar.com\\\/avatar\\\/363495000985f108d724b036bf8fde103c31e3fb6464fc8997f0157fc03f27d8?s=96&d=mm&r=g\",\"url\":\"https:\\\/\\\/secure.gravatar.com\\\/avatar\\\/363495000985f108d724b036bf8fde103c31e3fb6464fc8997f0157fc03f27d8?s=96&d=mm&r=g\",\"contentUrl\":\"https:\\\/\\\/secure.gravatar.com\\\/avatar\\\/363495000985f108d724b036bf8fde103c31e3fb6464fc8997f0157fc03f27d8?s=96&d=mm&r=g\",\"caption\":\"Forum Salud Mental Madrid\"},\"url\":\"https:\\\/\\\/forummontau.com\\\/murcia\\\/author\\\/adiccionma\\\/\"}]}<\/script>\n<!-- \/ Yoast SEO plugin. -->","yoast_head_json":{"title":"Efectos f\u00edsicos y psicol\u00f3gicos del consumo de cannabis - Forum Salud Mental Murcia","description":"Efectos f\u00edsicos y psicol\u00f3gicos del cannabis, desde la relajaci\u00f3n hasta los riesgos de adicci\u00f3n y psicosis.","robots":{"index":"index","follow":"follow","max-snippet":"max-snippet:-1","max-image-preview":"max-image-preview:large","max-video-preview":"max-video-preview:-1"},"canonical":"https:\/\/forummontau.com\/murcia\/efectos-fisicos-y-psicologicos-del-consumo-de-cannabis\/","og_locale":"es_ES","og_type":"article","og_title":"Efectos f\u00edsicos y psicol\u00f3gicos del consumo de cannabis - Forum Salud Mental Murcia","og_description":"Efectos f\u00edsicos y psicol\u00f3gicos del cannabis, desde la relajaci\u00f3n hasta los riesgos de adicci\u00f3n y psicosis.","og_url":"https:\/\/forummontau.com\/murcia\/efectos-fisicos-y-psicologicos-del-consumo-de-cannabis\/","og_site_name":"Forum Salud Mental Murcia","article_published_time":"2023-12-28T12:40:05+00:00","article_modified_time":"2023-12-28T12:40:09+00:00","og_image":[{"width":999,"height":667,"url":"https:\/\/forummontau.com\/murcia\/wp-content\/uploads\/sites\/12\/2023\/12\/cannabis.webp","type":"image\/webp"}],"author":"Forum Salud Mental Madrid","twitter_card":"summary_large_image","twitter_misc":{"Escrito por":"Forum Salud Mental Madrid","Tiempo de lectura":"4 minutos"},"schema":{"@context":"https:\/\/schema.org","@graph":[{"@type":"Article","@id":"https:\/\/forummontau.com\/murcia\/efectos-fisicos-y-psicologicos-del-consumo-de-cannabis\/#article","isPartOf":{"@id":"https:\/\/forummontau.com\/murcia\/efectos-fisicos-y-psicologicos-del-consumo-de-cannabis\/"},"author":{"name":"Forum Salud Mental Madrid","@id":"https:\/\/forummontau.com\/murcia\/#\/schema\/person\/dd79fa1c0ba733edd439998f9d7f5e25"},"headline":"Efectos f\u00edsicos y psicol\u00f3gicos del consumo de cannabis","datePublished":"2023-12-28T12:40:05+00:00","dateModified":"2023-12-28T12:40:09+00:00","mainEntityOfPage":{"@id":"https:\/\/forummontau.com\/murcia\/efectos-fisicos-y-psicologicos-del-consumo-de-cannabis\/"},"wordCount":824,"publisher":{"@id":"https:\/\/forummontau.com\/murcia\/#organization"},"image":{"@id":"https:\/\/forummontau.com\/murcia\/efectos-fisicos-y-psicologicos-del-consumo-de-cannabis\/#primaryimage"},"thumbnailUrl":"https:\/\/forummontau.com\/murcia\/wp-content\/uploads\/sites\/12\/2023\/12\/cannabis.webp","keywords":["Forum Murcia"],"articleSection":["Adicciones","Cannabis"],"inLanguage":"es"},{"@type":"WebPage","@id":"https:\/\/forummontau.com\/murcia\/efectos-fisicos-y-psicologicos-del-consumo-de-cannabis\/","url":"https:\/\/forummontau.com\/murcia\/efectos-fisicos-y-psicologicos-del-consumo-de-cannabis\/","name":"Efectos f\u00edsicos y psicol\u00f3gicos del consumo de cannabis - Forum Salud Mental Murcia","isPartOf":{"@id":"https:\/\/forummontau.com\/murcia\/#website"},"primaryImageOfPage":{"@id":"https:\/\/forummontau.com\/murcia\/efectos-fisicos-y-psicologicos-del-consumo-de-cannabis\/#primaryimage"},"image":{"@id":"https:\/\/forummontau.com\/murcia\/efectos-fisicos-y-psicologicos-del-consumo-de-cannabis\/#primaryimage"},"thumbnailUrl":"https:\/\/forummontau.com\/murcia\/wp-content\/uploads\/sites\/12\/2023\/12\/cannabis.webp","datePublished":"2023-12-28T12:40:05+00:00","dateModified":"2023-12-28T12:40:09+00:00","description":"Efectos f\u00edsicos y psicol\u00f3gicos del cannabis, desde la relajaci\u00f3n hasta los riesgos de adicci\u00f3n y psicosis.","breadcrumb":{"@id":"https:\/\/forummontau.com\/murcia\/efectos-fisicos-y-psicologicos-del-consumo-de-cannabis\/#breadcrumb"},"inLanguage":"es","potentialAction":[{"@type":"ReadAction","target":["https:\/\/forummontau.com\/murcia\/efectos-fisicos-y-psicologicos-del-consumo-de-cannabis\/"]}]},{"@type":"ImageObject","inLanguage":"es","@id":"https:\/\/forummontau.com\/murcia\/efectos-fisicos-y-psicologicos-del-consumo-de-cannabis\/#primaryimage","url":"https:\/\/forummontau.com\/murcia\/wp-content\/uploads\/sites\/12\/2023\/12\/cannabis.webp","contentUrl":"https:\/\/forummontau.com\/murcia\/wp-content\/uploads\/sites\/12\/2023\/12\/cannabis.webp","width":999,"height":667},{"@type":"BreadcrumbList","@id":"https:\/\/forummontau.com\/murcia\/efectos-fisicos-y-psicologicos-del-consumo-de-cannabis\/#breadcrumb","itemListElement":[{"@type":"ListItem","position":1,"name":"Portada","item":"https:\/\/forummontau.com\/murcia\/"},{"@type":"ListItem","position":2,"name":"Efectos f\u00edsicos y psicol\u00f3gicos del consumo de cannabis"}]},{"@type":"WebSite","@id":"https:\/\/forummontau.com\/murcia\/#website","url":"https:\/\/forummontau.com\/murcia\/","name":"Forum Salud Mental Murcia","description":"Centro Desintoxicaci\u00f3n y Adicciones en Murcia","publisher":{"@id":"https:\/\/forummontau.com\/murcia\/#organization"},"potentialAction":[{"@type":"SearchAction","target":{"@type":"EntryPoint","urlTemplate":"https:\/\/forummontau.com\/murcia\/?s={search_term_string}"},"query-input":{"@type":"PropertyValueSpecification","valueRequired":true,"valueName":"search_term_string"}}],"inLanguage":"es"},{"@type":"Organization","@id":"https:\/\/forummontau.com\/murcia\/#organization","name":"Forum Salud Mental Murcia","url":"https:\/\/forummontau.com\/murcia\/","logo":{"@type":"ImageObject","inLanguage":"es","@id":"https:\/\/forummontau.com\/murcia\/#\/schema\/logo\/image\/","url":"https:\/\/forummontau.com\/murcia\/wp-content\/uploads\/sites\/12\/2020\/02\/forum_murcia.png","contentUrl":"https:\/\/forummontau.com\/murcia\/wp-content\/uploads\/sites\/12\/2020\/02\/forum_murcia.png","width":214,"height":119,"caption":"Forum Salud Mental Murcia"},"image":{"@id":"https:\/\/forummontau.com\/murcia\/#\/schema\/logo\/image\/"}},{"@type":"Person","@id":"https:\/\/forummontau.com\/murcia\/#\/schema\/person\/dd79fa1c0ba733edd439998f9d7f5e25","name":"Forum Salud Mental Madrid","image":{"@type":"ImageObject","inLanguage":"es","@id":"https:\/\/secure.gravatar.com\/avatar\/363495000985f108d724b036bf8fde103c31e3fb6464fc8997f0157fc03f27d8?s=96&d=mm&r=g","url":"https:\/\/secure.gravatar.com\/avatar\/363495000985f108d724b036bf8fde103c31e3fb6464fc8997f0157fc03f27d8?s=96&d=mm&r=g","contentUrl":"https:\/\/secure.gravatar.com\/avatar\/363495000985f108d724b036bf8fde103c31e3fb6464fc8997f0157fc03f27d8?s=96&d=mm&r=g","caption":"Forum Salud Mental Madrid"},"url":"https:\/\/forummontau.com\/murcia\/author\/adiccionma\/"}]}},"_links":{"self":[{"href":"https:\/\/forummontau.com\/murcia\/wp-json\/wp\/v2\/posts\/3076","targetHints":{"allow":["GET"]}}],"collection":[{"href":"https:\/\/forummontau.com\/murcia\/wp-json\/wp\/v2\/posts"}],"about":[{"href":"https:\/\/forummontau.com\/murcia\/wp-json\/wp\/v2\/types\/post"}],"author":[{"embeddable":true,"href":"https:\/\/forummontau.com\/murcia\/wp-json\/wp\/v2\/users\/2"}],"replies":[{"embeddable":true,"href":"https:\/\/forummontau.com\/murcia\/wp-json\/wp\/v2\/comments?post=3076"}],"version-history":[{"count":1,"href":"https:\/\/forummontau.com\/murcia\/wp-json\/wp\/v2\/posts\/3076\/revisions"}],"predecessor-version":[{"id":3078,"href":"https:\/\/forummontau.com\/murcia\/wp-json\/wp\/v2\/posts\/3076\/revisions\/3078"}],"wp:featuredmedia":[{"embeddable":true,"href":"https:\/\/forummontau.com\/murcia\/wp-json\/wp\/v2\/media\/3077"}],"wp:attachment":[{"href":"https:\/\/forummontau.com\/murcia\/wp-json\/wp\/v2\/media?parent=3076"}],"wp:term":[{"taxonomy":"category","embeddable":true,"href":"https:\/\/forummontau.com\/murcia\/wp-json\/wp\/v2\/categories?post=3076"},{"taxonomy":"post_tag","embeddable":true,"href":"https:\/\/forummontau.com\/murcia\/wp-json\/wp\/v2\/tags?post=3076"}],"curies":[{"name":"wp","href":"https:\/\/api.w.org\/{rel}","templated":true}]}}