{"id":1468,"date":"2018-07-18T14:00:09","date_gmt":"2018-07-18T14:00:09","guid":{"rendered":"https:\/\/www.forumcostabrava.com\/?p=1468"},"modified":"2019-06-26T08:03:34","modified_gmt":"2019-06-26T08:03:34","slug":"adictos-al-alcohol","status":"publish","type":"post","link":"https:\/\/forummontau.com\/palamos\/adictos-al-alcohol\/","title":{"rendered":"Adictos al alcohol"},"content":{"rendered":"<p>Cuando hablamos de alcoholismo estamos ante un problema de salud provocado por el consumo excesivo de alcohol\u00a0 que genera dependencia f\u00edsica y psicol\u00f3gica.<\/p>\n<p>Esta ingesta desmedida y dif\u00edcil de controlar est\u00e1 causada por m\u00faltiples factores como la predisposici\u00f3n f\u00edsica, la vulnerabilidades psicol\u00f3gicas y los factores soliciales que facilitan el consumo.<\/p>\n<p>Pero uno de los aspectos m\u00e1s llamativos del alcoholismo es que, en sus fases tempranas, est\u00e1 socialmente aceptado.<\/p>\n<h3>El alcoholismo y su naturalizaci\u00f3n<\/h3>\n<p><strong>Se suele naturalizar y aceptar socialmente el consumo de alcohol en exceso<\/strong>\u00a0y en el imaginario social se considera alcoh\u00f3lico a quien se lo ve alcoholizado durante el d\u00eda, en situaci\u00f3n de calle, iniciando su consumo en las ma\u00f1anas o bebiendo todos los d\u00edas de la semana. De esta manera quedan invisibilizadas otras formas de alcoholismo.<\/p>\n<p>\u00c9ste no est\u00e1 determinado por la cantidad de alcohol que una persona consume por d\u00eda sino por c\u00f3mo esa persona se relaciona con el alcohol: con dependencia, necesidad, compulsi\u00f3n y dificultades para estar sin consumir.<\/p>\n<p>Es decir, una persona es alcoh\u00f3lica por c\u00f3mo bebe\u00a0independientemente de que lo haga todos los d\u00edas, un d\u00eda a la semana o espor\u00e1dicamente. No es alcoh\u00f3lica cualquier persona que consuma alcohol, ya que puede haber consumo\u00a0<strong>sin establecer un v\u00ednculo de dependencia y adicci\u00f3n con \u00e9l<\/strong>. Pero\u2026 \u00bfqu\u00e9 ocurre en el cuerpo humano all\u00ed donde s\u00ed hay dependencia?<\/p>\n<h2>Los efectos del alcoholismo<\/h2>\n<p>Una vez ingerido en el organismo, el alcohol produce dos acciones contrapuesta,\u00a0<strong>un efecto desinhibidor y un efecto depresor<\/strong>. El primero bloquea partes del cerebro encargadas del pensamiento, la capacidad de reflexionar, la conciencia moral, los valores \u00e9ticos; y sobreestimula impulsos y emociones. Esto nos permite comprender que una persona bajo los efectos del alcohol pueda mostrarse diferente respecto a cuando est\u00e1 sobria e incluso incurrir en delitos sin posibilidad de control.<\/p>\n<p><strong>El efecto depresor inhibe el sistema nervioso central\u00a0<\/strong>provocando una disminuci\u00f3n en sus funciones: menor atenci\u00f3n, menor coordinaci\u00f3n psicomotriz, somnolencia, sensaci\u00f3n de agotamiento, entre otros, llegando en casos extremos al paro respiratorio y muerte.<\/p>\n<h3>La aparici\u00f3n de la tolerancia a la bebida<\/h3>\n<p>\u00bfPor qu\u00e9 van aumentando las cantidades consumidas\u00a0de bebidas alcoh\u00f3licas?\u00a0Porque\u00a0<strong>el cuerpo genera tolerancia a la sustancia<\/strong>, es como si se acostumbrara y, al no producir\u00a0el efecto esperado, entonces se hace necesario tomar m\u00e1s cantidades de alcohol o bebidas alcoh\u00f3licas m\u00e1s fuertes para lograr los efectos que se buscan.<\/p>\n<h3>\u00bfPor qu\u00e9 la persona alcoh\u00f3lica no puede parar de beber?<\/h3>\n<p>Otra concepci\u00f3n a desnaturalizar refiere a las razones de la dificultad, en unos casos, y a la imposibilidad, en otros, de parar de beber. No es por gusto, capricho ni por vicio, es por la fuerte compulsi\u00f3n a tomar que siente la persona alcoh\u00f3lica, que\u00a0<strong>llega a tornarse irrefrenable y que escapa a su control voluntario<\/strong>, porque se encuentra en una situaci\u00f3n de dependencia f\u00edsica y psicol\u00f3gica.<\/p>\n<p>El cuerpo pide el alcohol y la cabeza lo necesita para seguir. Adem\u00e1s sin consumo se desarrollan los s\u00edntomas de la abstinencia, la cual se presenta con sensaciones desagradables, manifestaciones f\u00edsicas, ansiedad, irritabilidad, angustia y necesidad de consumir.<\/p>\n<h3>\u00bfC\u00f3mo actuar ante la sospecha de que alguien cercano es adicto?<\/h3>\n<p>Un primer paso implica desnaturalizar el consumo problem\u00e1tico de alcohol. Al hacerlo,\u00a0<strong>empiezan a surgir dudas y necesidad de pedir ayuda<\/strong>.<\/p>\n<p>Es importante tomar conciencia del consumo problem\u00e1tico de alcohol a tiempo, por los riesgos que puede ocasionar, ya que el alcoholismo\u00a0<strong>provoca mayor probabilidad de sufrir accidentes, enfermedades y muerte<\/strong>, adem\u00e1s de tener efectos a nivel comportamental, emocional, social, laboral, legal.<\/p>\n<p><strong>La orientaci\u00f3n y contenci\u00f3n a las familias es fundamental\u00a0<\/strong>para comprender que el alcoholismo es una enfermedad que tiene recuperaci\u00f3n y para la cual es indispensable un tratamiento especializado tanto para el familiar alcoh\u00f3lico como para el resto de la familia. Esto permitir\u00e1 a las familias resignificar el consumo y sus consecuencias, generar cambios de actitud y construir espacios de di\u00e1logo y comunicaci\u00f3n familiar.<\/p>\n<p>Contacte con nosotros si usted o una persona cercana tienen un problema de alcoholismo; le orientaremos sin compromiso.<\/p>\n","protected":false},"excerpt":{"rendered":"<p>Cuando hablamos de alcoholismo estamos ante un problema de salud provocado por el consumo excesivo de alcohol\u00a0 que genera dependencia f\u00edsica y psicol\u00f3gica. Esta ingesta desmedida y dif\u00edcil de controlar est\u00e1 causada por m\u00faltiples factores como la predisposici\u00f3n f\u00edsica, la vulnerabilidades psicol\u00f3gicas y los factores soliciales que facilitan el consumo. Pero uno de los aspectos [&hellip;]<\/p>\n","protected":false},"author":2,"featured_media":1466,"comment_status":"closed","ping_status":"open","sticky":false,"template":"","format":"standard","meta":{"ocean_post_layout":"","ocean_both_sidebars_style":"","ocean_both_sidebars_content_width":0,"ocean_both_sidebars_sidebars_width":0,"ocean_sidebar":"0","ocean_second_sidebar":"0","ocean_disable_margins":"enable","ocean_add_body_class":"","ocean_shortcode_before_top_bar":"","ocean_shortcode_after_top_bar":"","ocean_shortcode_before_header":"","ocean_shortcode_after_header":"","ocean_has_shortcode":"","ocean_shortcode_after_title":"","ocean_shortcode_before_footer_widgets":"","ocean_shortcode_after_footer_widgets":"","ocean_shortcode_before_footer_bottom":"","ocean_shortcode_after_footer_bottom":"","ocean_display_top_bar":"default","ocean_display_header":"default","ocean_header_style":"","ocean_center_header_left_menu":"0","ocean_custom_header_template":"0","ocean_custom_logo":0,"ocean_custom_retina_logo":0,"ocean_custom_logo_max_width":0,"ocean_custom_logo_tablet_max_width":0,"ocean_custom_logo_mobile_max_width":0,"ocean_custom_logo_max_height":0,"ocean_custom_logo_tablet_max_height":0,"ocean_custom_logo_mobile_max_height":0,"ocean_header_custom_menu":"0","ocean_menu_typo_font_family":"0","ocean_menu_typo_font_subset":"","ocean_menu_typo_font_size":0,"ocean_menu_typo_font_size_tablet":0,"ocean_menu_typo_font_size_mobile":0,"ocean_menu_typo_font_size_unit":"px","ocean_menu_typo_font_weight":"","ocean_menu_typo_font_weight_tablet":"","ocean_menu_typo_font_weight_mobile":"","ocean_menu_typo_transform":"","ocean_menu_typo_transform_tablet":"","ocean_menu_typo_transform_mobile":"","ocean_menu_typo_line_height":0,"ocean_menu_typo_line_height_tablet":0,"ocean_menu_typo_line_height_mobile":0,"ocean_menu_typo_line_height_unit":"","ocean_menu_typo_spacing":0,"ocean_menu_typo_spacing_tablet":0,"ocean_menu_typo_spacing_mobile":0,"ocean_menu_typo_spacing_unit":"","ocean_menu_link_color":"","ocean_menu_link_color_hover":"","ocean_menu_link_color_active":"","ocean_menu_link_background":"","ocean_menu_link_hover_background":"","ocean_menu_link_active_background":"","ocean_menu_social_links_bg":"","ocean_menu_social_hover_links_bg":"","ocean_menu_social_links_color":"","ocean_menu_social_hover_links_color":"","ocean_disable_title":"default","ocean_disable_heading":"default","ocean_post_title":"","ocean_post_subheading":"","ocean_post_title_style":"","ocean_post_title_background_color":"","ocean_post_title_background":0,"ocean_post_title_bg_image_position":"","ocean_post_title_bg_image_attachment":"","ocean_post_title_bg_image_repeat":"","ocean_post_title_bg_image_size":"","ocean_post_title_height":0,"ocean_post_title_bg_overlay":0.5,"ocean_post_title_bg_overlay_color":"","ocean_disable_breadcrumbs":"default","ocean_breadcrumbs_color":"","ocean_breadcrumbs_separator_color":"","ocean_breadcrumbs_links_color":"","ocean_breadcrumbs_links_hover_color":"","ocean_display_footer_widgets":"default","ocean_display_footer_bottom":"default","ocean_custom_footer_template":"","ocean_post_oembed":"","ocean_post_self_hosted_media":"","ocean_post_video_embed":"","ocean_link_format":"","ocean_link_format_target":"self","ocean_quote_format":"","ocean_quote_format_link":"post","ocean_gallery_link_images":"off","ocean_gallery_id":[],"footnotes":""},"categories":[29,45],"tags":[135,124],"class_list":["post-1468","post","type-post","status-publish","format-standard","has-post-thumbnail","hentry","category-adiccion","category-alcohol","tag-adiccion","tag-forum-girona","entry","has-media"],"yoast_head":"<!-- This site is optimized with the Yoast SEO plugin v27.4 - https:\/\/yoast.com\/product\/yoast-seo-wordpress\/ -->\n<title>Adictos al alcohol - Forum Salud Mental Palam\u00f3s - Costa Brava<\/title>\n<meta name=\"robots\" content=\"index, follow, max-snippet:-1, max-image-preview:large, max-video-preview:-1\" \/>\n<link rel=\"canonical\" href=\"https:\/\/forummontau.com\/palamos\/adictos-al-alcohol\/\" \/>\n<meta property=\"og:locale\" content=\"es_ES\" \/>\n<meta property=\"og:type\" content=\"article\" \/>\n<meta property=\"og:title\" content=\"Adictos al alcohol - Forum Salud Mental Palam\u00f3s - Costa Brava\" \/>\n<meta property=\"og:description\" content=\"Cuando hablamos de alcoholismo estamos ante un problema de salud provocado por el consumo excesivo de alcohol\u00a0 que genera dependencia f\u00edsica y psicol\u00f3gica. Esta ingesta desmedida y dif\u00edcil de controlar est\u00e1 causada por m\u00faltiples factores como la predisposici\u00f3n f\u00edsica, la vulnerabilidades psicol\u00f3gicas y los factores soliciales que facilitan el consumo. Pero uno de los aspectos [&hellip;]\" \/>\n<meta property=\"og:url\" content=\"https:\/\/forummontau.com\/palamos\/adictos-al-alcohol\/\" \/>\n<meta property=\"og:site_name\" content=\"Forum Salud Mental Palam\u00f3s - Costa Brava\" \/>\n<meta property=\"article:published_time\" content=\"2018-07-18T14:00:09+00:00\" \/>\n<meta property=\"article:modified_time\" content=\"2019-06-26T08:03:34+00:00\" \/>\n<meta property=\"og:image\" content=\"https:\/\/forummontau.com\/palamos\/wp-content\/uploads\/sites\/5\/2018\/07\/adictosalcohol.png\" \/>\n\t<meta property=\"og:image:width\" content=\"700\" \/>\n\t<meta property=\"og:image:height\" content=\"397\" \/>\n\t<meta property=\"og:image:type\" content=\"image\/png\" \/>\n<meta name=\"author\" content=\"Forum Salud Mental Madrid\" \/>\n<meta name=\"twitter:card\" content=\"summary_large_image\" \/>\n<meta name=\"twitter:label1\" content=\"Escrito por\" \/>\n\t<meta name=\"twitter:data1\" content=\"Forum Salud Mental Madrid\" \/>\n\t<meta name=\"twitter:label2\" content=\"Tiempo de lectura\" \/>\n\t<meta name=\"twitter:data2\" content=\"4 minutos\" \/>\n<script type=\"application\/ld+json\" class=\"yoast-schema-graph\">{\"@context\":\"https:\\\/\\\/schema.org\",\"@graph\":[{\"@type\":\"Article\",\"@id\":\"https:\\\/\\\/forummontau.com\\\/palamos\\\/adictos-al-alcohol\\\/#article\",\"isPartOf\":{\"@id\":\"https:\\\/\\\/forummontau.com\\\/palamos\\\/adictos-al-alcohol\\\/\"},\"author\":{\"name\":\"Forum Salud Mental Madrid\",\"@id\":\"https:\\\/\\\/forummontau.com\\\/palamos\\\/#\\\/schema\\\/person\\\/dd79fa1c0ba733edd439998f9d7f5e25\"},\"headline\":\"Adictos al alcohol\",\"datePublished\":\"2018-07-18T14:00:09+00:00\",\"dateModified\":\"2019-06-26T08:03:34+00:00\",\"mainEntityOfPage\":{\"@id\":\"https:\\\/\\\/forummontau.com\\\/palamos\\\/adictos-al-alcohol\\\/\"},\"wordCount\":719,\"publisher\":{\"@id\":\"https:\\\/\\\/forummontau.com\\\/palamos\\\/#organization\"},\"image\":{\"@id\":\"https:\\\/\\\/forummontau.com\\\/palamos\\\/adictos-al-alcohol\\\/#primaryimage\"},\"thumbnailUrl\":\"https:\\\/\\\/forummontau.com\\\/palamos\\\/wp-content\\\/uploads\\\/sites\\\/5\\\/2018\\\/07\\\/adictosalcohol.png\",\"keywords\":[\"Adicci\u00f3n\",\"Forum Girona\"],\"articleSection\":[\"Adicci\u00f3n\",\"Alcohol\"],\"inLanguage\":\"es\"},{\"@type\":\"WebPage\",\"@id\":\"https:\\\/\\\/forummontau.com\\\/palamos\\\/adictos-al-alcohol\\\/\",\"url\":\"https:\\\/\\\/forummontau.com\\\/palamos\\\/adictos-al-alcohol\\\/\",\"name\":\"Adictos al alcohol - Forum Salud Mental Palam\u00f3s - Costa Brava\",\"isPartOf\":{\"@id\":\"https:\\\/\\\/forummontau.com\\\/palamos\\\/#website\"},\"primaryImageOfPage\":{\"@id\":\"https:\\\/\\\/forummontau.com\\\/palamos\\\/adictos-al-alcohol\\\/#primaryimage\"},\"image\":{\"@id\":\"https:\\\/\\\/forummontau.com\\\/palamos\\\/adictos-al-alcohol\\\/#primaryimage\"},\"thumbnailUrl\":\"https:\\\/\\\/forummontau.com\\\/palamos\\\/wp-content\\\/uploads\\\/sites\\\/5\\\/2018\\\/07\\\/adictosalcohol.png\",\"datePublished\":\"2018-07-18T14:00:09+00:00\",\"dateModified\":\"2019-06-26T08:03:34+00:00\",\"breadcrumb\":{\"@id\":\"https:\\\/\\\/forummontau.com\\\/palamos\\\/adictos-al-alcohol\\\/#breadcrumb\"},\"inLanguage\":\"es\",\"potentialAction\":[{\"@type\":\"ReadAction\",\"target\":[\"https:\\\/\\\/forummontau.com\\\/palamos\\\/adictos-al-alcohol\\\/\"]}]},{\"@type\":\"ImageObject\",\"inLanguage\":\"es\",\"@id\":\"https:\\\/\\\/forummontau.com\\\/palamos\\\/adictos-al-alcohol\\\/#primaryimage\",\"url\":\"https:\\\/\\\/forummontau.com\\\/palamos\\\/wp-content\\\/uploads\\\/sites\\\/5\\\/2018\\\/07\\\/adictosalcohol.png\",\"contentUrl\":\"https:\\\/\\\/forummontau.com\\\/palamos\\\/wp-content\\\/uploads\\\/sites\\\/5\\\/2018\\\/07\\\/adictosalcohol.png\",\"width\":\"700\",\"height\":\"397\",\"caption\":\"Adictos al Alcohol\"},{\"@type\":\"BreadcrumbList\",\"@id\":\"https:\\\/\\\/forummontau.com\\\/palamos\\\/adictos-al-alcohol\\\/#breadcrumb\",\"itemListElement\":[{\"@type\":\"ListItem\",\"position\":1,\"name\":\"Portada\",\"item\":\"https:\\\/\\\/forummontau.com\\\/palamos\\\/forum-salud-mental-cat\\\/\"},{\"@type\":\"ListItem\",\"position\":2,\"name\":\"Adictos al alcohol\"}]},{\"@type\":\"WebSite\",\"@id\":\"https:\\\/\\\/forummontau.com\\\/palamos\\\/#website\",\"url\":\"https:\\\/\\\/forummontau.com\\\/palamos\\\/\",\"name\":\"Forum Salud Mental Palam\u00f3s - Costa Brava\",\"description\":\"Centro especializado en salud mental y adicciones\",\"publisher\":{\"@id\":\"https:\\\/\\\/forummontau.com\\\/palamos\\\/#organization\"},\"potentialAction\":[{\"@type\":\"SearchAction\",\"target\":{\"@type\":\"EntryPoint\",\"urlTemplate\":\"https:\\\/\\\/forummontau.com\\\/palamos\\\/?s={search_term_string}\"},\"query-input\":{\"@type\":\"PropertyValueSpecification\",\"valueRequired\":true,\"valueName\":\"search_term_string\"}}],\"inLanguage\":\"es\"},{\"@type\":\"Organization\",\"@id\":\"https:\\\/\\\/forummontau.com\\\/palamos\\\/#organization\",\"name\":\"Forum Salud Mental Palam\u00f3s - Costa Brava\",\"url\":\"https:\\\/\\\/forummontau.com\\\/palamos\\\/\",\"logo\":{\"@type\":\"ImageObject\",\"inLanguage\":\"es\",\"@id\":\"https:\\\/\\\/forummontau.com\\\/palamos\\\/#\\\/schema\\\/logo\\\/image\\\/\",\"url\":\"https:\\\/\\\/forummontau.com\\\/palamos\\\/wp-content\\\/uploads\\\/sites\\\/5\\\/2023\\\/07\\\/logo_girona_palamos.png\",\"contentUrl\":\"https:\\\/\\\/forummontau.com\\\/palamos\\\/wp-content\\\/uploads\\\/sites\\\/5\\\/2023\\\/07\\\/logo_girona_palamos.png\",\"width\":209,\"height\":118,\"caption\":\"Forum Salud Mental Palam\u00f3s - Costa Brava\"},\"image\":{\"@id\":\"https:\\\/\\\/forummontau.com\\\/palamos\\\/#\\\/schema\\\/logo\\\/image\\\/\"}},{\"@type\":\"Person\",\"@id\":\"https:\\\/\\\/forummontau.com\\\/palamos\\\/#\\\/schema\\\/person\\\/dd79fa1c0ba733edd439998f9d7f5e25\",\"name\":\"Forum Salud Mental Madrid\"}]}<\/script>\n<!-- \/ Yoast SEO plugin. -->","yoast_head_json":{"title":"Adictos al alcohol - Forum Salud Mental Palam\u00f3s - Costa Brava","robots":{"index":"index","follow":"follow","max-snippet":"max-snippet:-1","max-image-preview":"max-image-preview:large","max-video-preview":"max-video-preview:-1"},"canonical":"https:\/\/forummontau.com\/palamos\/adictos-al-alcohol\/","og_locale":"es_ES","og_type":"article","og_title":"Adictos al alcohol - Forum Salud Mental Palam\u00f3s - Costa Brava","og_description":"Cuando hablamos de alcoholismo estamos ante un problema de salud provocado por el consumo excesivo de alcohol\u00a0 que genera dependencia f\u00edsica y psicol\u00f3gica. Esta ingesta desmedida y dif\u00edcil de controlar est\u00e1 causada por m\u00faltiples factores como la predisposici\u00f3n f\u00edsica, la vulnerabilidades psicol\u00f3gicas y los factores soliciales que facilitan el consumo. Pero uno de los aspectos [&hellip;]","og_url":"https:\/\/forummontau.com\/palamos\/adictos-al-alcohol\/","og_site_name":"Forum Salud Mental Palam\u00f3s - Costa Brava","article_published_time":"2018-07-18T14:00:09+00:00","article_modified_time":"2019-06-26T08:03:34+00:00","og_image":[{"width":700,"height":397,"url":"https:\/\/forummontau.com\/palamos\/wp-content\/uploads\/sites\/5\/2018\/07\/adictosalcohol.png","type":"image\/png"}],"author":"Forum Salud Mental Madrid","twitter_card":"summary_large_image","twitter_misc":{"Escrito por":"Forum Salud Mental Madrid","Tiempo de lectura":"4 minutos"},"schema":{"@context":"https:\/\/schema.org","@graph":[{"@type":"Article","@id":"https:\/\/forummontau.com\/palamos\/adictos-al-alcohol\/#article","isPartOf":{"@id":"https:\/\/forummontau.com\/palamos\/adictos-al-alcohol\/"},"author":{"name":"Forum Salud Mental Madrid","@id":"https:\/\/forummontau.com\/palamos\/#\/schema\/person\/dd79fa1c0ba733edd439998f9d7f5e25"},"headline":"Adictos al alcohol","datePublished":"2018-07-18T14:00:09+00:00","dateModified":"2019-06-26T08:03:34+00:00","mainEntityOfPage":{"@id":"https:\/\/forummontau.com\/palamos\/adictos-al-alcohol\/"},"wordCount":719,"publisher":{"@id":"https:\/\/forummontau.com\/palamos\/#organization"},"image":{"@id":"https:\/\/forummontau.com\/palamos\/adictos-al-alcohol\/#primaryimage"},"thumbnailUrl":"https:\/\/forummontau.com\/palamos\/wp-content\/uploads\/sites\/5\/2018\/07\/adictosalcohol.png","keywords":["Adicci\u00f3n","Forum Girona"],"articleSection":["Adicci\u00f3n","Alcohol"],"inLanguage":"es"},{"@type":"WebPage","@id":"https:\/\/forummontau.com\/palamos\/adictos-al-alcohol\/","url":"https:\/\/forummontau.com\/palamos\/adictos-al-alcohol\/","name":"Adictos al alcohol - Forum Salud Mental Palam\u00f3s - Costa Brava","isPartOf":{"@id":"https:\/\/forummontau.com\/palamos\/#website"},"primaryImageOfPage":{"@id":"https:\/\/forummontau.com\/palamos\/adictos-al-alcohol\/#primaryimage"},"image":{"@id":"https:\/\/forummontau.com\/palamos\/adictos-al-alcohol\/#primaryimage"},"thumbnailUrl":"https:\/\/forummontau.com\/palamos\/wp-content\/uploads\/sites\/5\/2018\/07\/adictosalcohol.png","datePublished":"2018-07-18T14:00:09+00:00","dateModified":"2019-06-26T08:03:34+00:00","breadcrumb":{"@id":"https:\/\/forummontau.com\/palamos\/adictos-al-alcohol\/#breadcrumb"},"inLanguage":"es","potentialAction":[{"@type":"ReadAction","target":["https:\/\/forummontau.com\/palamos\/adictos-al-alcohol\/"]}]},{"@type":"ImageObject","inLanguage":"es","@id":"https:\/\/forummontau.com\/palamos\/adictos-al-alcohol\/#primaryimage","url":"https:\/\/forummontau.com\/palamos\/wp-content\/uploads\/sites\/5\/2018\/07\/adictosalcohol.png","contentUrl":"https:\/\/forummontau.com\/palamos\/wp-content\/uploads\/sites\/5\/2018\/07\/adictosalcohol.png","width":"700","height":"397","caption":"Adictos al Alcohol"},{"@type":"BreadcrumbList","@id":"https:\/\/forummontau.com\/palamos\/adictos-al-alcohol\/#breadcrumb","itemListElement":[{"@type":"ListItem","position":1,"name":"Portada","item":"https:\/\/forummontau.com\/palamos\/forum-salud-mental-cat\/"},{"@type":"ListItem","position":2,"name":"Adictos al alcohol"}]},{"@type":"WebSite","@id":"https:\/\/forummontau.com\/palamos\/#website","url":"https:\/\/forummontau.com\/palamos\/","name":"Forum Salud Mental Palam\u00f3s - Costa Brava","description":"Centro especializado en salud mental y adicciones","publisher":{"@id":"https:\/\/forummontau.com\/palamos\/#organization"},"potentialAction":[{"@type":"SearchAction","target":{"@type":"EntryPoint","urlTemplate":"https:\/\/forummontau.com\/palamos\/?s={search_term_string}"},"query-input":{"@type":"PropertyValueSpecification","valueRequired":true,"valueName":"search_term_string"}}],"inLanguage":"es"},{"@type":"Organization","@id":"https:\/\/forummontau.com\/palamos\/#organization","name":"Forum Salud Mental Palam\u00f3s - Costa Brava","url":"https:\/\/forummontau.com\/palamos\/","logo":{"@type":"ImageObject","inLanguage":"es","@id":"https:\/\/forummontau.com\/palamos\/#\/schema\/logo\/image\/","url":"https:\/\/forummontau.com\/palamos\/wp-content\/uploads\/sites\/5\/2023\/07\/logo_girona_palamos.png","contentUrl":"https:\/\/forummontau.com\/palamos\/wp-content\/uploads\/sites\/5\/2023\/07\/logo_girona_palamos.png","width":209,"height":118,"caption":"Forum Salud Mental Palam\u00f3s - Costa Brava"},"image":{"@id":"https:\/\/forummontau.com\/palamos\/#\/schema\/logo\/image\/"}},{"@type":"Person","@id":"https:\/\/forummontau.com\/palamos\/#\/schema\/person\/dd79fa1c0ba733edd439998f9d7f5e25","name":"Forum Salud Mental Madrid"}]}},"_links":{"self":[{"href":"https:\/\/forummontau.com\/palamos\/wp-json\/wp\/v2\/posts\/1468","targetHints":{"allow":["GET"]}}],"collection":[{"href":"https:\/\/forummontau.com\/palamos\/wp-json\/wp\/v2\/posts"}],"about":[{"href":"https:\/\/forummontau.com\/palamos\/wp-json\/wp\/v2\/types\/post"}],"author":[{"embeddable":true,"href":"https:\/\/forummontau.com\/palamos\/wp-json\/wp\/v2\/users\/2"}],"replies":[{"embeddable":true,"href":"https:\/\/forummontau.com\/palamos\/wp-json\/wp\/v2\/comments?post=1468"}],"version-history":[{"count":0,"href":"https:\/\/forummontau.com\/palamos\/wp-json\/wp\/v2\/posts\/1468\/revisions"}],"wp:featuredmedia":[{"embeddable":true,"href":"https:\/\/forummontau.com\/palamos\/wp-json\/wp\/v2\/media\/1466"}],"wp:attachment":[{"href":"https:\/\/forummontau.com\/palamos\/wp-json\/wp\/v2\/media?parent=1468"}],"wp:term":[{"taxonomy":"category","embeddable":true,"href":"https:\/\/forummontau.com\/palamos\/wp-json\/wp\/v2\/categories?post=1468"},{"taxonomy":"post_tag","embeddable":true,"href":"https:\/\/forummontau.com\/palamos\/wp-json\/wp\/v2\/tags?post=1468"}],"curies":[{"name":"wp","href":"https:\/\/api.w.org\/{rel}","templated":true}]}}