{"id":4706,"date":"2026-04-30T12:20:52","date_gmt":"2026-04-30T10:20:52","guid":{"rendered":"https:\/\/forummontau.com\/palamos\/?p=4706"},"modified":"2026-04-30T15:17:50","modified_gmt":"2026-04-30T13:17:50","slug":"com-deixar-lalcohol-a-la-costa-brava-opcions-de-tractament-a-prop-de-casa","status":"publish","type":"post","link":"https:\/\/forummontau.com\/palamos\/com-deixar-lalcohol-a-la-costa-brava-opcions-de-tractament-a-prop-de-casa\/","title":{"rendered":"Com deixar l&#8217;alcohol a la Costa Brava: opcions de tractament a prop de casa"},"content":{"rendered":"\n<p>Si est\u00e0s llegint aix\u00f2 des de Palam\u00f3s, Palafrugell, Sant Feliu de Gu\u00edxols, Blanes, Tossa de Mar o qualsevol altre municipi de la Costa Brava, hi ha alguna cosa important que has de saber: no has d&#8217;anar a Barcelona per rebre un tractament especialitzat en addicci\u00f3 a l&#8217;alcohol. Tens opcions a prop de casa, i aix\u00f2 importa m\u00e9s del que sembla.<\/p>\n\n\n\n<p>Tractar l&#8217;alcoholisme a prop del lloc on vius no \u00e9s nom\u00e9s una q\u00fcesti\u00f3 de comoditat. \u00c9s una decisi\u00f3 cl\u00ednica que pot marcar la difer\u00e8ncia en el resultat del tractament. T&#8217;ho expliquem en aquest article.<\/p>\n\n\n\n<h2 class=\"wp-block-heading\">Per qu\u00e8 l&#8217;alcohol \u00e9s diferent d&#8217;altres addiccions: el que passa al cos quan es deixa<\/h2>\n\n\n\n<p>Abans de parlar d&#8217;opcions de tractament, hi ha una cosa que conv\u00e9 tenir clara: deixar l&#8217;alcohol sense supervisi\u00f3 m\u00e8dica pot ser perill\u00f3s. No passa el mateix amb totes les subst\u00e0ncies. La s\u00edndrome d&#8217;abstin\u00e8ncia alcoh\u00f2lica, a difer\u00e8ncia d&#8217;altres depend\u00e8ncies, pot produir conseq\u00fc\u00e8ncies f\u00edsiques greus \u2014 tremolors, convulsions, confusi\u00f3, i en els casos m\u00e9s severs el delirium tremens, una situaci\u00f3 de risc vital.<\/p>\n\n\n\n<p>Aix\u00f2 no \u00e9s per espantar. \u00c9s per explicar per qu\u00e8 la desintoxicaci\u00f3 de l&#8217;alcohol requereix sempre una valoraci\u00f3 m\u00e8dica, fins i tot quan el consum no sembla extrem. El cos d&#8217;una persona que porta temps bevent de manera habitual s&#8217;ha adaptat a la pres\u00e8ncia de l&#8217;alcohol, i la retirada brusca pot desestabilitzar-lo de maneres que no s\u00f3n previsibles sense una avaluaci\u00f3 pr\u00e8via.<\/p>\n\n\n\n<h2 class=\"wp-block-heading\">Quan el consum d&#8217;alcohol es converteix en una depend\u00e8ncia?<\/h2>\n\n\n\n<p>No hi ha una l\u00ednia fixa que separi el consum problem\u00e0tic de la depend\u00e8ncia, per\u00f2 hi ha senyals que indiquen que l&#8217;alcohol ha deixat de ser una elecci\u00f3 per convertir-se en una necessitat. Necessitar beure per funcionar amb normalitat durant el dia, sentir malestar f\u00edsic quan passen diverses hores sense alcohol, haver intentat deixar-ho diverses vegades sense aconseguir-ho, o veure com el consum afecta la feina, la fam\u00edlia o la salut s\u00f3n senyals que mereixen atenci\u00f3 professional, no intents en solitari.<\/p>\n\n\n\n<p>A la prov\u00edncia de Girona, com a la resta de zones tur\u00edstiques del mediterrani, existeix un patr\u00f3 de consum espec\u00edfic que sovint complica el diagn\u00f2stic: el consum social intensiu durant els mesos d&#8217;estiu que en alguns casos, de forma gradual i sense que la persona ho percebi clarament, deriva en depend\u00e8ncia al llarg dels anys.<\/p>\n\n\n\n<h2 class=\"wp-block-heading\">Opcions de tractament per a l&#8217;alcoholisme a la Costa Brava<\/h2>\n\n\n\n<p>No existeix un tractament \u00fanic v\u00e0lid per a tots els casos. La modalitat m\u00e9s adequada dep\u00e8n del nivell de depend\u00e8ncia, del context familiar i laboral de la persona, i de si hi ha altres problemes de salut mental implicats. A Forum Salud Mental Palam\u00f3s disposem de les tres opcions principals:<\/p>\n\n\n\n<h2 class=\"wp-block-heading\">Tractament ambulatori: recuperar-se sense deixar la teva vida<\/h2>\n\n\n\n<p>El tractament ambulatori \u00e9s la modalitat m\u00e9s accessible i la m\u00e9s compatible amb la vida quotidiana. La persona acudeix al centre en sessions regulars \u2014 individuals i grupals \u2014 mentre mant\u00e9 la seva feina, la seva fam\u00edlia i la seva rutina habitual. \u00c9s una opci\u00f3 que funciona b\u00e9 quan el consum no \u00e9s extremadament sever, quan hi ha una xarxa de suport familiar s\u00f2lida a casa, i quan la persona pot comprometre&#8217;s amb l&#8217;estructura del programa.<\/p>\n\n\n\n<p>Un dels seus avantatges menys esmentats \u00e9s la continu\u00eftat: en continuar en el propi entorn durant el tractament, la persona apr\u00e8n a gestionar les situacions de risc del dia a dia amb el suport directe de l&#8217;equip cl\u00ednic, en lloc d&#8217;enfrontar-les sola en tornar a casa despr\u00e9s d&#8217;un ingr\u00e9s.<\/p>\n\n\n\n<h2 class=\"wp-block-heading\">Centre de dia: intensitat terap\u00e8utica sense ingr\u00e9s nocturn<\/h2>\n\n\n\n<p>El centre de dia \u00e9s l&#8217;opci\u00f3 interm\u00e8dia. La persona acudeix al centre durant diverses hores al dia \u2014 participant en ter\u00e0pies individuals i grupals, activitats terap\u00e8utiques i seguiment m\u00e8dic \u2014 i torna al seu domicili pels vespres. Combina la intensitat d&#8217;un programa estructurat amb la possibilitat de mantenir el vincle familiar i l&#8217;entorn quotidi\u00e0.<\/p>\n\n\n\n<p>\u00c9s especialment adequat per a persones que necessiten m\u00e9s suport del que ofereix l&#8217;ambulatori per\u00f2 que no requereixen ingr\u00e9s complet, o per a qui es troba en la fase de transici\u00f3 despr\u00e9s d&#8217;un per\u00edode d&#8217;ingr\u00e9s residencial i necessita un pont abans de tornar a la plena autonomia.<\/p>\n\n\n\n<p>A Palam\u00f3s, el centre de dia de Forum Salud Mental est\u00e0 pensat perqu\u00e8 la recuperaci\u00f3 no exigeixi desconnectar-se de la vida: molts dels nostres pacients continuen mantenint els seus compromisos familiars durant el proc\u00e9s.<\/p>\n\n\n\n<h2 class=\"wp-block-heading\">Ingr\u00e9s residencial: quan \u00e9s necessari i qu\u00e8 implica<\/h2>\n\n\n\n<p>L&#8217;ingr\u00e9s residencial en una cl\u00ednica especialitzada est\u00e0 indicat quan el tractament ambulatori no ofereix garanties suficients. Les situacions m\u00e9s freq\u00fcents en les quals \u00e9s l&#8217;opci\u00f3 m\u00e9s adequada s\u00f3n: consum molt elevat amb risc m\u00e8dic en l&#8217;abstin\u00e8ncia, diversos intents fallits de tractament previ, entorn familiar o social que dificulta la recuperaci\u00f3, o pres\u00e8ncia d&#8217;altres trastorns de salut mental que requereixen supervisi\u00f3 psiqui\u00e0trica continuada.<\/p>\n\n\n\n<p>Allunyar-se de l&#8217;entorn habitual durant la fase inicial no \u00e9s un senyal de gravetat extrema: en molts casos \u00e9s precisament el que permet que el tractament funcioni, perqu\u00e8 elimina els factors de risc de l&#8217;entorn mentre es treballa la deshabituaci\u00f3. Des de Forum Salud Mental Palam\u00f3s coordinem els ingressos residencials amb les nostres cl\u00edniques a Catalunya quan el cas ho requereix, i gestionem el seguiment ambulatori posterior al propi centre de Palam\u00f3s perqu\u00e8 la continu\u00eftat no obligui a despla\u00e7ar-se.<\/p>\n\n\n\n<h2 class=\"wp-block-heading\">Per qu\u00e8 tractar l&#8217;alcoholisme a prop de casa marca la difer\u00e8ncia<\/h2>\n\n\n\n<p>Aquesta \u00e9s potser la part m\u00e9s important de l&#8217;article, i la que menys s&#8217;explica en els continguts habituals sobre tractament d&#8217;addiccions.<\/p>\n\n\n\n<p>El tractament de l&#8217;alcoholisme no acaba amb la desintoxicaci\u00f3. La fase que m\u00e9s determina si la recuperaci\u00f3 \u00e9s duradora \u00e9s la que ve despr\u00e9s: la deshabituaci\u00f3 psicol\u00f2gica, la prevenci\u00f3 de recaigudes i la reinserci\u00f3 en la vida personal, familiar i laboral. Aquesta fase pot durar mesos, i requereix un seguiment continu amb el mateix equip cl\u00ednic.<\/p>\n\n\n\n<p>Quan el tractament es fa lluny de casa, en molts casos el seguiment s&#8217;interromp o es complica per la dist\u00e0ncia. El pacient torna al seu entorn habitual, al mateix cercle de persones i situacions que estaven associades al consum, sense el suport cl\u00ednic proper que necessita en aquesta fase cr\u00edtica.<\/p>\n\n\n\n<p>Tenir el centre de seguiment a Palam\u00f3s o a la Costa Brava significa que la persona pot mantenir el contacte regular amb el seu equip terap\u00e8utic sense que el despla\u00e7ament sigui una barrera. Significa que la fam\u00edlia pot participar activament en el proc\u00e9s, que \u00e9s un dels factors que m\u00e9s influeix en el resultat a llarg termini. I significa que la recuperaci\u00f3 es construeix dins del propi context vital de la persona, no al marge d&#8217;ell.<\/p>\n\n\n\n<h2 class=\"wp-block-heading\">Qu\u00e8 passa en la primera visita a Forum Palam\u00f3s<\/h2>\n\n\n\n<p>La primera valoraci\u00f3 a Forum Salud Mental Palam\u00f3s \u00e9s gratu\u00efta i sense comprom\u00eds. No cal haver pres cap decisi\u00f3 abans de trucar ni de venir. L&#8217;objectiu d&#8217;aquesta primera visita \u00e9s entendre b\u00e9 la situaci\u00f3 \u2014 la hist\u00f2ria del consum, el context familiar i laboral, l&#8217;estat de salut general \u2014 i orientar sobre quina modalitat de tractament t\u00e9 m\u00e9s sentit per a aquell cas concret.<\/p>\n","protected":false},"excerpt":{"rendered":"<p>Si est\u00e0s llegint aix\u00f2 des de Palam\u00f3s, Palafrugell, Sant Feliu de Gu\u00edxols, Blanes, Tossa de Mar o qualsevol altre municipi de la Costa Brava, hi ha alguna cosa important que has de saber: no has d&#8217;anar a Barcelona per rebre un tractament especialitzat en addicci\u00f3 a l&#8217;alcohol. Tens opcions a prop de casa, i aix\u00f2 [&hellip;]<\/p>\n","protected":false},"author":1,"featured_media":4705,"comment_status":"closed","ping_status":"closed","sticky":false,"template":"","format":"standard","meta":{"ocean_post_layout":"","ocean_both_sidebars_style":"","ocean_both_sidebars_content_width":0,"ocean_both_sidebars_sidebars_width":0,"ocean_sidebar":"","ocean_second_sidebar":"","ocean_disable_margins":"enable","ocean_add_body_class":"","ocean_shortcode_before_top_bar":"","ocean_shortcode_after_top_bar":"","ocean_shortcode_before_header":"","ocean_shortcode_after_header":"","ocean_has_shortcode":"","ocean_shortcode_after_title":"","ocean_shortcode_before_footer_widgets":"","ocean_shortcode_after_footer_widgets":"","ocean_shortcode_before_footer_bottom":"","ocean_shortcode_after_footer_bottom":"","ocean_display_top_bar":"default","ocean_display_header":"default","ocean_header_style":"","ocean_center_header_left_menu":"","ocean_custom_header_template":"","ocean_custom_logo":0,"ocean_custom_retina_logo":0,"ocean_custom_logo_max_width":0,"ocean_custom_logo_tablet_max_width":0,"ocean_custom_logo_mobile_max_width":0,"ocean_custom_logo_max_height":0,"ocean_custom_logo_tablet_max_height":0,"ocean_custom_logo_mobile_max_height":0,"ocean_header_custom_menu":"","ocean_menu_typo_font_family":"","ocean_menu_typo_font_subset":"","ocean_menu_typo_font_size":0,"ocean_menu_typo_font_size_tablet":0,"ocean_menu_typo_font_size_mobile":0,"ocean_menu_typo_font_size_unit":"px","ocean_menu_typo_font_weight":"","ocean_menu_typo_font_weight_tablet":"","ocean_menu_typo_font_weight_mobile":"","ocean_menu_typo_transform":"","ocean_menu_typo_transform_tablet":"","ocean_menu_typo_transform_mobile":"","ocean_menu_typo_line_height":0,"ocean_menu_typo_line_height_tablet":0,"ocean_menu_typo_line_height_mobile":0,"ocean_menu_typo_line_height_unit":"","ocean_menu_typo_spacing":0,"ocean_menu_typo_spacing_tablet":0,"ocean_menu_typo_spacing_mobile":0,"ocean_menu_typo_spacing_unit":"","ocean_menu_link_color":"","ocean_menu_link_color_hover":"","ocean_menu_link_color_active":"","ocean_menu_link_background":"","ocean_menu_link_hover_background":"","ocean_menu_link_active_background":"","ocean_menu_social_links_bg":"","ocean_menu_social_hover_links_bg":"","ocean_menu_social_links_color":"","ocean_menu_social_hover_links_color":"","ocean_disable_title":"default","ocean_disable_heading":"default","ocean_post_title":"","ocean_post_subheading":"","ocean_post_title_style":"","ocean_post_title_background_color":"","ocean_post_title_background":0,"ocean_post_title_bg_image_position":"","ocean_post_title_bg_image_attachment":"","ocean_post_title_bg_image_repeat":"","ocean_post_title_bg_image_size":"","ocean_post_title_height":0,"ocean_post_title_bg_overlay":0.5,"ocean_post_title_bg_overlay_color":"","ocean_disable_breadcrumbs":"default","ocean_breadcrumbs_color":"","ocean_breadcrumbs_separator_color":"","ocean_breadcrumbs_links_color":"","ocean_breadcrumbs_links_hover_color":"","ocean_display_footer_widgets":"default","ocean_display_footer_bottom":"default","ocean_custom_footer_template":"","ocean_post_oembed":"","ocean_post_self_hosted_media":"","ocean_post_video_embed":"","ocean_link_format":"","ocean_link_format_target":"self","ocean_quote_format":"","ocean_quote_format_link":"post","ocean_gallery_link_images":"on","ocean_gallery_id":[],"footnotes":""},"categories":[49,51],"tags":[543,131],"class_list":["post-4706","post","type-post","status-publish","format-standard","has-post-thumbnail","hentry","category-addiccio","category-alcohol-ca","tag-forum-palamos","tag-tractament-adiccions","entry","has-media"],"yoast_head":"<!-- This site is optimized with the Yoast SEO plugin v27.5 - https:\/\/yoast.com\/product\/yoast-seo-wordpress\/ -->\n<title>Com deixar l&#039;alcohol a la Costa Brava: opcions de tractament a prop de casa - Forum Salud Mental Palam\u00f3s - Costa Brava<\/title>\n<meta name=\"description\" content=\"\u00bfTienes un problema con el alcohol en la Costa Brava o Palam\u00f3s? Ambulatorio, centro de d\u00eda o ingreso: te explicamos las opciones disponibles cerca de casa. Primera valoraci\u00f3n gratuita: 900 802 408.\" \/>\n<meta name=\"robots\" content=\"index, follow, max-snippet:-1, max-image-preview:large, max-video-preview:-1\" \/>\n<link rel=\"canonical\" href=\"https:\/\/forummontau.com\/palamos\/com-deixar-lalcohol-a-la-costa-brava-opcions-de-tractament-a-prop-de-casa\/\" \/>\n<meta property=\"og:locale\" content=\"es_ES\" \/>\n<meta property=\"og:type\" content=\"article\" \/>\n<meta property=\"og:title\" content=\"Com deixar l&#039;alcohol a la Costa Brava: opcions de tractament a prop de casa - Forum Salud Mental Palam\u00f3s - Costa Brava\" \/>\n<meta property=\"og:description\" content=\"\u00bfTienes un problema con el alcohol en la Costa Brava o Palam\u00f3s? Ambulatorio, centro de d\u00eda o ingreso: te explicamos las opciones disponibles cerca de casa. Primera valoraci\u00f3n gratuita: 900 802 408.\" \/>\n<meta property=\"og:url\" content=\"https:\/\/forummontau.com\/palamos\/com-deixar-lalcohol-a-la-costa-brava-opcions-de-tractament-a-prop-de-casa\/\" \/>\n<meta property=\"og:site_name\" content=\"Forum Salud Mental Palam\u00f3s - Costa Brava\" \/>\n<meta property=\"article:published_time\" content=\"2026-04-30T10:20:52+00:00\" \/>\n<meta property=\"article:modified_time\" content=\"2026-04-30T13:17:50+00:00\" \/>\n<meta property=\"og:image\" content=\"https:\/\/forummontau.com\/palamos\/wp-content\/uploads\/sites\/5\/2026\/04\/tratamiento-alcoholismo-palamos-costa-brava.webp\" \/>\n\t<meta property=\"og:image:width\" content=\"1000\" \/>\n\t<meta property=\"og:image:height\" content=\"667\" \/>\n\t<meta property=\"og:image:type\" content=\"image\/webp\" \/>\n<meta name=\"author\" content=\"Forum Salud Mental\" \/>\n<meta name=\"twitter:card\" content=\"summary_large_image\" \/>\n<meta name=\"twitter:label1\" content=\"Escrito por\" \/>\n\t<meta name=\"twitter:data1\" content=\"Forum Salud Mental\" \/>\n\t<meta name=\"twitter:label2\" content=\"Tiempo de lectura\" \/>\n\t<meta name=\"twitter:data2\" content=\"6 minutos\" \/>\n<script type=\"application\/ld+json\" class=\"yoast-schema-graph\">{\"@context\":\"https:\\\/\\\/schema.org\",\"@graph\":[{\"@type\":\"Article\",\"@id\":\"https:\\\/\\\/forummontau.com\\\/palamos\\\/com-deixar-lalcohol-a-la-costa-brava-opcions-de-tractament-a-prop-de-casa\\\/#article\",\"isPartOf\":{\"@id\":\"https:\\\/\\\/forummontau.com\\\/palamos\\\/com-deixar-lalcohol-a-la-costa-brava-opcions-de-tractament-a-prop-de-casa\\\/\"},\"author\":{\"name\":\"Forum Salud Mental\",\"@id\":\"https:\\\/\\\/forummontau.com\\\/palamos\\\/#\\\/schema\\\/person\\\/562926c7213a9f41f1ddc24aebe7ecfb\"},\"headline\":\"Com deixar l&#8217;alcohol a la Costa Brava: opcions de tractament a prop de casa\",\"datePublished\":\"2026-04-30T10:20:52+00:00\",\"dateModified\":\"2026-04-30T13:17:50+00:00\",\"mainEntityOfPage\":{\"@id\":\"https:\\\/\\\/forummontau.com\\\/palamos\\\/com-deixar-lalcohol-a-la-costa-brava-opcions-de-tractament-a-prop-de-casa\\\/\"},\"wordCount\":1301,\"publisher\":{\"@id\":\"https:\\\/\\\/forummontau.com\\\/palamos\\\/#organization\"},\"image\":{\"@id\":\"https:\\\/\\\/forummontau.com\\\/palamos\\\/com-deixar-lalcohol-a-la-costa-brava-opcions-de-tractament-a-prop-de-casa\\\/#primaryimage\"},\"thumbnailUrl\":\"https:\\\/\\\/forummontau.com\\\/palamos\\\/wp-content\\\/uploads\\\/sites\\\/5\\\/2026\\\/04\\\/tratamiento-alcoholismo-palamos-costa-brava.webp\",\"keywords\":[\"Forum Palam\u00f3s\",\"Tractament Adiccions\"],\"articleSection\":[\"Addicci\u00f3\",\"Alcohol\"],\"inLanguage\":\"es\"},{\"@type\":\"WebPage\",\"@id\":\"https:\\\/\\\/forummontau.com\\\/palamos\\\/com-deixar-lalcohol-a-la-costa-brava-opcions-de-tractament-a-prop-de-casa\\\/\",\"url\":\"https:\\\/\\\/forummontau.com\\\/palamos\\\/com-deixar-lalcohol-a-la-costa-brava-opcions-de-tractament-a-prop-de-casa\\\/\",\"name\":\"Com deixar l'alcohol a la Costa Brava: opcions de tractament a prop de casa - Forum Salud Mental Palam\u00f3s - Costa Brava\",\"isPartOf\":{\"@id\":\"https:\\\/\\\/forummontau.com\\\/palamos\\\/#website\"},\"primaryImageOfPage\":{\"@id\":\"https:\\\/\\\/forummontau.com\\\/palamos\\\/com-deixar-lalcohol-a-la-costa-brava-opcions-de-tractament-a-prop-de-casa\\\/#primaryimage\"},\"image\":{\"@id\":\"https:\\\/\\\/forummontau.com\\\/palamos\\\/com-deixar-lalcohol-a-la-costa-brava-opcions-de-tractament-a-prop-de-casa\\\/#primaryimage\"},\"thumbnailUrl\":\"https:\\\/\\\/forummontau.com\\\/palamos\\\/wp-content\\\/uploads\\\/sites\\\/5\\\/2026\\\/04\\\/tratamiento-alcoholismo-palamos-costa-brava.webp\",\"datePublished\":\"2026-04-30T10:20:52+00:00\",\"dateModified\":\"2026-04-30T13:17:50+00:00\",\"description\":\"\u00bfTienes un problema con el alcohol en la Costa Brava o Palam\u00f3s? Ambulatorio, centro de d\u00eda o ingreso: te explicamos las opciones disponibles cerca de casa. Primera valoraci\u00f3n gratuita: 900 802 408.\",\"breadcrumb\":{\"@id\":\"https:\\\/\\\/forummontau.com\\\/palamos\\\/com-deixar-lalcohol-a-la-costa-brava-opcions-de-tractament-a-prop-de-casa\\\/#breadcrumb\"},\"inLanguage\":\"es\",\"potentialAction\":[{\"@type\":\"ReadAction\",\"target\":[\"https:\\\/\\\/forummontau.com\\\/palamos\\\/com-deixar-lalcohol-a-la-costa-brava-opcions-de-tractament-a-prop-de-casa\\\/\"]}]},{\"@type\":\"ImageObject\",\"inLanguage\":\"es\",\"@id\":\"https:\\\/\\\/forummontau.com\\\/palamos\\\/com-deixar-lalcohol-a-la-costa-brava-opcions-de-tractament-a-prop-de-casa\\\/#primaryimage\",\"url\":\"https:\\\/\\\/forummontau.com\\\/palamos\\\/wp-content\\\/uploads\\\/sites\\\/5\\\/2026\\\/04\\\/tratamiento-alcoholismo-palamos-costa-brava.webp\",\"contentUrl\":\"https:\\\/\\\/forummontau.com\\\/palamos\\\/wp-content\\\/uploads\\\/sites\\\/5\\\/2026\\\/04\\\/tratamiento-alcoholismo-palamos-costa-brava.webp\",\"width\":1000,\"height\":667},{\"@type\":\"BreadcrumbList\",\"@id\":\"https:\\\/\\\/forummontau.com\\\/palamos\\\/com-deixar-lalcohol-a-la-costa-brava-opcions-de-tractament-a-prop-de-casa\\\/#breadcrumb\",\"itemListElement\":[{\"@type\":\"ListItem\",\"position\":1,\"name\":\"Portada\",\"item\":\"https:\\\/\\\/forummontau.com\\\/palamos\\\/forum-salud-mental-cat\\\/\"},{\"@type\":\"ListItem\",\"position\":2,\"name\":\"Com deixar l&#8217;alcohol a la Costa Brava: opcions de tractament a prop de casa\"}]},{\"@type\":\"WebSite\",\"@id\":\"https:\\\/\\\/forummontau.com\\\/palamos\\\/#website\",\"url\":\"https:\\\/\\\/forummontau.com\\\/palamos\\\/\",\"name\":\"Forum Salud Mental Palam\u00f3s - Costa Brava\",\"description\":\"Centro especializado en salud mental y adicciones\",\"publisher\":{\"@id\":\"https:\\\/\\\/forummontau.com\\\/palamos\\\/#organization\"},\"potentialAction\":[{\"@type\":\"SearchAction\",\"target\":{\"@type\":\"EntryPoint\",\"urlTemplate\":\"https:\\\/\\\/forummontau.com\\\/palamos\\\/?s={search_term_string}\"},\"query-input\":{\"@type\":\"PropertyValueSpecification\",\"valueRequired\":true,\"valueName\":\"search_term_string\"}}],\"inLanguage\":\"es\"},{\"@type\":\"Organization\",\"@id\":\"https:\\\/\\\/forummontau.com\\\/palamos\\\/#organization\",\"name\":\"Forum Salud Mental Palam\u00f3s - Costa Brava\",\"url\":\"https:\\\/\\\/forummontau.com\\\/palamos\\\/\",\"logo\":{\"@type\":\"ImageObject\",\"inLanguage\":\"es\",\"@id\":\"https:\\\/\\\/forummontau.com\\\/palamos\\\/#\\\/schema\\\/logo\\\/image\\\/\",\"url\":\"https:\\\/\\\/forummontau.com\\\/palamos\\\/wp-content\\\/uploads\\\/sites\\\/5\\\/2023\\\/07\\\/logo_girona_palamos.png\",\"contentUrl\":\"https:\\\/\\\/forummontau.com\\\/palamos\\\/wp-content\\\/uploads\\\/sites\\\/5\\\/2023\\\/07\\\/logo_girona_palamos.png\",\"width\":209,\"height\":118,\"caption\":\"Forum Salud Mental Palam\u00f3s - Costa Brava\"},\"image\":{\"@id\":\"https:\\\/\\\/forummontau.com\\\/palamos\\\/#\\\/schema\\\/logo\\\/image\\\/\"}},{\"@type\":\"Person\",\"@id\":\"https:\\\/\\\/forummontau.com\\\/palamos\\\/#\\\/schema\\\/person\\\/562926c7213a9f41f1ddc24aebe7ecfb\",\"name\":\"Forum Salud Mental\"}]}<\/script>\n<!-- \/ Yoast SEO plugin. -->","yoast_head_json":{"title":"Com deixar l'alcohol a la Costa Brava: opcions de tractament a prop de casa - Forum Salud Mental Palam\u00f3s - Costa Brava","description":"\u00bfTienes un problema con el alcohol en la Costa Brava o Palam\u00f3s? Ambulatorio, centro de d\u00eda o ingreso: te explicamos las opciones disponibles cerca de casa. Primera valoraci\u00f3n gratuita: 900 802 408.","robots":{"index":"index","follow":"follow","max-snippet":"max-snippet:-1","max-image-preview":"max-image-preview:large","max-video-preview":"max-video-preview:-1"},"canonical":"https:\/\/forummontau.com\/palamos\/com-deixar-lalcohol-a-la-costa-brava-opcions-de-tractament-a-prop-de-casa\/","og_locale":"es_ES","og_type":"article","og_title":"Com deixar l'alcohol a la Costa Brava: opcions de tractament a prop de casa - Forum Salud Mental Palam\u00f3s - Costa Brava","og_description":"\u00bfTienes un problema con el alcohol en la Costa Brava o Palam\u00f3s? Ambulatorio, centro de d\u00eda o ingreso: te explicamos las opciones disponibles cerca de casa. Primera valoraci\u00f3n gratuita: 900 802 408.","og_url":"https:\/\/forummontau.com\/palamos\/com-deixar-lalcohol-a-la-costa-brava-opcions-de-tractament-a-prop-de-casa\/","og_site_name":"Forum Salud Mental Palam\u00f3s - Costa Brava","article_published_time":"2026-04-30T10:20:52+00:00","article_modified_time":"2026-04-30T13:17:50+00:00","og_image":[{"width":1000,"height":667,"url":"https:\/\/forummontau.com\/palamos\/wp-content\/uploads\/sites\/5\/2026\/04\/tratamiento-alcoholismo-palamos-costa-brava.webp","type":"image\/webp"}],"author":"Forum Salud Mental","twitter_card":"summary_large_image","twitter_misc":{"Escrito por":"Forum Salud Mental","Tiempo de lectura":"6 minutos"},"schema":{"@context":"https:\/\/schema.org","@graph":[{"@type":"Article","@id":"https:\/\/forummontau.com\/palamos\/com-deixar-lalcohol-a-la-costa-brava-opcions-de-tractament-a-prop-de-casa\/#article","isPartOf":{"@id":"https:\/\/forummontau.com\/palamos\/com-deixar-lalcohol-a-la-costa-brava-opcions-de-tractament-a-prop-de-casa\/"},"author":{"name":"Forum Salud Mental","@id":"https:\/\/forummontau.com\/palamos\/#\/schema\/person\/562926c7213a9f41f1ddc24aebe7ecfb"},"headline":"Com deixar l&#8217;alcohol a la Costa Brava: opcions de tractament a prop de casa","datePublished":"2026-04-30T10:20:52+00:00","dateModified":"2026-04-30T13:17:50+00:00","mainEntityOfPage":{"@id":"https:\/\/forummontau.com\/palamos\/com-deixar-lalcohol-a-la-costa-brava-opcions-de-tractament-a-prop-de-casa\/"},"wordCount":1301,"publisher":{"@id":"https:\/\/forummontau.com\/palamos\/#organization"},"image":{"@id":"https:\/\/forummontau.com\/palamos\/com-deixar-lalcohol-a-la-costa-brava-opcions-de-tractament-a-prop-de-casa\/#primaryimage"},"thumbnailUrl":"https:\/\/forummontau.com\/palamos\/wp-content\/uploads\/sites\/5\/2026\/04\/tratamiento-alcoholismo-palamos-costa-brava.webp","keywords":["Forum Palam\u00f3s","Tractament Adiccions"],"articleSection":["Addicci\u00f3","Alcohol"],"inLanguage":"es"},{"@type":"WebPage","@id":"https:\/\/forummontau.com\/palamos\/com-deixar-lalcohol-a-la-costa-brava-opcions-de-tractament-a-prop-de-casa\/","url":"https:\/\/forummontau.com\/palamos\/com-deixar-lalcohol-a-la-costa-brava-opcions-de-tractament-a-prop-de-casa\/","name":"Com deixar l'alcohol a la Costa Brava: opcions de tractament a prop de casa - Forum Salud Mental Palam\u00f3s - Costa Brava","isPartOf":{"@id":"https:\/\/forummontau.com\/palamos\/#website"},"primaryImageOfPage":{"@id":"https:\/\/forummontau.com\/palamos\/com-deixar-lalcohol-a-la-costa-brava-opcions-de-tractament-a-prop-de-casa\/#primaryimage"},"image":{"@id":"https:\/\/forummontau.com\/palamos\/com-deixar-lalcohol-a-la-costa-brava-opcions-de-tractament-a-prop-de-casa\/#primaryimage"},"thumbnailUrl":"https:\/\/forummontau.com\/palamos\/wp-content\/uploads\/sites\/5\/2026\/04\/tratamiento-alcoholismo-palamos-costa-brava.webp","datePublished":"2026-04-30T10:20:52+00:00","dateModified":"2026-04-30T13:17:50+00:00","description":"\u00bfTienes un problema con el alcohol en la Costa Brava o Palam\u00f3s? Ambulatorio, centro de d\u00eda o ingreso: te explicamos las opciones disponibles cerca de casa. Primera valoraci\u00f3n gratuita: 900 802 408.","breadcrumb":{"@id":"https:\/\/forummontau.com\/palamos\/com-deixar-lalcohol-a-la-costa-brava-opcions-de-tractament-a-prop-de-casa\/#breadcrumb"},"inLanguage":"es","potentialAction":[{"@type":"ReadAction","target":["https:\/\/forummontau.com\/palamos\/com-deixar-lalcohol-a-la-costa-brava-opcions-de-tractament-a-prop-de-casa\/"]}]},{"@type":"ImageObject","inLanguage":"es","@id":"https:\/\/forummontau.com\/palamos\/com-deixar-lalcohol-a-la-costa-brava-opcions-de-tractament-a-prop-de-casa\/#primaryimage","url":"https:\/\/forummontau.com\/palamos\/wp-content\/uploads\/sites\/5\/2026\/04\/tratamiento-alcoholismo-palamos-costa-brava.webp","contentUrl":"https:\/\/forummontau.com\/palamos\/wp-content\/uploads\/sites\/5\/2026\/04\/tratamiento-alcoholismo-palamos-costa-brava.webp","width":1000,"height":667},{"@type":"BreadcrumbList","@id":"https:\/\/forummontau.com\/palamos\/com-deixar-lalcohol-a-la-costa-brava-opcions-de-tractament-a-prop-de-casa\/#breadcrumb","itemListElement":[{"@type":"ListItem","position":1,"name":"Portada","item":"https:\/\/forummontau.com\/palamos\/forum-salud-mental-cat\/"},{"@type":"ListItem","position":2,"name":"Com deixar l&#8217;alcohol a la Costa Brava: opcions de tractament a prop de casa"}]},{"@type":"WebSite","@id":"https:\/\/forummontau.com\/palamos\/#website","url":"https:\/\/forummontau.com\/palamos\/","name":"Forum Salud Mental Palam\u00f3s - Costa Brava","description":"Centro especializado en salud mental y adicciones","publisher":{"@id":"https:\/\/forummontau.com\/palamos\/#organization"},"potentialAction":[{"@type":"SearchAction","target":{"@type":"EntryPoint","urlTemplate":"https:\/\/forummontau.com\/palamos\/?s={search_term_string}"},"query-input":{"@type":"PropertyValueSpecification","valueRequired":true,"valueName":"search_term_string"}}],"inLanguage":"es"},{"@type":"Organization","@id":"https:\/\/forummontau.com\/palamos\/#organization","name":"Forum Salud Mental Palam\u00f3s - Costa Brava","url":"https:\/\/forummontau.com\/palamos\/","logo":{"@type":"ImageObject","inLanguage":"es","@id":"https:\/\/forummontau.com\/palamos\/#\/schema\/logo\/image\/","url":"https:\/\/forummontau.com\/palamos\/wp-content\/uploads\/sites\/5\/2023\/07\/logo_girona_palamos.png","contentUrl":"https:\/\/forummontau.com\/palamos\/wp-content\/uploads\/sites\/5\/2023\/07\/logo_girona_palamos.png","width":209,"height":118,"caption":"Forum Salud Mental Palam\u00f3s - Costa Brava"},"image":{"@id":"https:\/\/forummontau.com\/palamos\/#\/schema\/logo\/image\/"}},{"@type":"Person","@id":"https:\/\/forummontau.com\/palamos\/#\/schema\/person\/562926c7213a9f41f1ddc24aebe7ecfb","name":"Forum Salud Mental"}]}},"_links":{"self":[{"href":"https:\/\/forummontau.com\/palamos\/wp-json\/wp\/v2\/posts\/4706","targetHints":{"allow":["GET"]}}],"collection":[{"href":"https:\/\/forummontau.com\/palamos\/wp-json\/wp\/v2\/posts"}],"about":[{"href":"https:\/\/forummontau.com\/palamos\/wp-json\/wp\/v2\/types\/post"}],"author":[{"embeddable":true,"href":"https:\/\/forummontau.com\/palamos\/wp-json\/wp\/v2\/users\/1"}],"replies":[{"embeddable":true,"href":"https:\/\/forummontau.com\/palamos\/wp-json\/wp\/v2\/comments?post=4706"}],"version-history":[{"count":2,"href":"https:\/\/forummontau.com\/palamos\/wp-json\/wp\/v2\/posts\/4706\/revisions"}],"predecessor-version":[{"id":4709,"href":"https:\/\/forummontau.com\/palamos\/wp-json\/wp\/v2\/posts\/4706\/revisions\/4709"}],"wp:featuredmedia":[{"embeddable":true,"href":"https:\/\/forummontau.com\/palamos\/wp-json\/wp\/v2\/media\/4705"}],"wp:attachment":[{"href":"https:\/\/forummontau.com\/palamos\/wp-json\/wp\/v2\/media?parent=4706"}],"wp:term":[{"taxonomy":"category","embeddable":true,"href":"https:\/\/forummontau.com\/palamos\/wp-json\/wp\/v2\/categories?post=4706"},{"taxonomy":"post_tag","embeddable":true,"href":"https:\/\/forummontau.com\/palamos\/wp-json\/wp\/v2\/tags?post=4706"}],"curies":[{"name":"wp","href":"https:\/\/api.w.org\/{rel}","templated":true}]}}